{"id":10671,"date":"2020-09-04T08:00:39","date_gmt":"2020-09-04T06:00:39","guid":{"rendered":"https:\/\/www.kaufhaus-tyrol.at\/?p=10671"},"modified":"2020-09-03T17:48:15","modified_gmt":"2020-09-03T15:48:15","slug":"behind-the-scenes-vom-kastner-oehler-covershooting","status":"publish","type":"post","link":"https:\/\/kaufhaus-tyrol.at\/de\/fashion\/behind-the-scenes-vom-kastner-oehler-covershooting\/","title":{"rendered":"Behind the Scenes vom Kastner &#038; \u00d6hler Covershooting"},"content":{"rendered":"<div class=\"wpb-content-wrapper\"><p>[vc_row][vc_column][vc_column_text]<span class=\"s1\">Wenn ihr die neue Ausgabe der <a href=\"https:\/\/www.tirolerin.at\/\" target=\"_blank\" rel=\"noopener noreferrer\">TIROLERIN<\/a> schon gesehen habt, ist euch bestimmt das strahlende Cover aufgefallen.<a href=\"https:\/\/kaufhaus-tyrol.at\/de\/shops\/kastner-oehler\/\"> Kastner &amp; \u00d6hler<\/a> hat sich vor ein paar Monaten gemeinsam mit \u201eDie TIROLERIN\u201c auf Covermodel-Suche gemacht.<\/span>[\/vc_column_text][vc_custom_heading text=&#8220;Ein Blick hinter die Kulissen &#8222;][vc_column_text]<\/p>\n<p class=\"p1\"><span class=\"s1\">Einmal auf dem Cover der TIROLERIN zu posieren hat viele verschiedene Frauen aufmerksam gemacht und angezogen. Mit einem Foto und der Frage: <\/span><\/p>\n<p class=\"p1\"><span class=\"s1\">\u201eWarum sollten gerade Sie auf das Cover der TIROLERIN kommen?\u201c,wurde sich flei\u00dfig online beworben. <\/span><\/p>\n<p class=\"p1\"><span class=\"s1\">Es wurde nach einer authentischen Frau gesucht, die sich in ihrer Haut wohl f\u00fchlt und ihrem Stil treu bleibt. In einem Onlinevoting wurden drei Finalistinnen bestimmt, die dann bei einem Shooting vor der Fachjury ihr K\u00f6nnen zeigten. Dabei trugen die drei Finalistinnen trendige Herbst-Outfits von Kastner &amp; \u00d6hler, die ihre jeweilige Pers\u00f6nlichkeit nochmals unterstrichen.<\/span><\/p>\n<p class=\"p1\"><span class=\"s1\">Im Anschluss an das Shooting w\u00e4hlte die Fachjury bestehend aus Der Tirolerin, Kastner &amp; \u00d6hler und Kaufhaus Tyrol die strahlende Gewinnerin. Holt euch jetzt die neue Ausgabe Der Tirolerin und lest darin alles \u00fcber das neue Cover-Model. <\/span><\/p>\n<p>[\/vc_column_text][\/vc_column][\/vc_row][vc_row][vc_column][vc_single_image image=&#8220;10676&#8243; img_size=&#8220;full&#8220;][vc_gallery interval=&#8220;3&#8243; images=&#8220;10673,10718,10706&#8243; img_size=&#8220;full&#8220;][vc_single_image image=&#8220;10688&#8243; img_size=&#8220;full&#8220;][vc_single_image image=&#8220;10691&#8243; img_size=&#8220;full&#8220;][vc_single_image image=&#8220;10709&#8243; img_size=&#8220;full&#8220;][vc_single_image image=&#8220;10694&#8243; img_size=&#8220;full&#8220;][vc_single_image image=&#8220;10703&#8243; img_size=&#8220;full&#8220;][vc_gallery interval=&#8220;5&#8243; images=&#8220;10709,10712,10715,10721,10700&#8243; img_size=&#8220;full&#8220;][\/vc_column][\/vc_row][vc_row][vc_column][vc_custom_heading text=&#8220;Der Countdown l\u00e4uft&#8220;][vc_column_text]<\/p>\n<p class=\"p1\"><span class=\"s1\">Der neue <strong>Kastner &amp; \u00d6hler Store im Kaufhaus Tyrol<\/strong> er\u00f6ffnet bereits in wenigen Tagen seine Pforten. Am <strong>17.09.2020<\/strong> ist es dann endlich soweit. Jede Menge Fashion, Beauty und Accessoires auf 3 Etagen &#8211; wir k\u00f6nnen es kaum erwarten!<br \/>\nUm euch die Wartezeit bis dahin ein wenig zu vers\u00fc\u00dfen, folgt uns auf unseren Social Media Kan\u00e4len und gewinnt mit etwas Gl\u00fcck euer Shopping-Budget bei K&amp;\u00d6. In der K&amp;\u00d6 Fotobox im EG des Kaufhaus Tyrol gibt\u2019s ein Personal Shopping-Erlebnis inkl. 500 Euro Gutschein f\u00fcr eure Herbstgarderobe von Kastner &amp; \u00d6hler zu gewinnen. Vorbei schauen lohnt sich also schon jetzt! <\/span><\/p>\n<p>[\/vc_column_text][vc_column_text]Credit: Birgit Pichler[\/vc_column_text][\/vc_column][\/vc_row]<\/p>\n<\/div>","protected":false},"excerpt":{"rendered":"<p>[vc_row][vc_column][vc_column_text]Wenn ihr die neue Ausgabe der TIROLERIN schon gesehen habt, ist euch bestimmt das strahlende Cover aufgefallen. Kastner &amp; \u00d6hler hat sich vor ein paar Monaten gemeinsam mit \u201eDie TIROLERIN\u201c auf Covermodel-Suche gemacht.[\/vc_column_text][vc_custom_heading text=&#8220;Ein Blick hinter die Kulissen &#8222;][vc_column_text] Einmal auf dem Cover der TIROLERIN zu posieren hat viele verschiedene Frauen aufmerksam gemacht und angezogen.<\/p>\n","protected":false},"author":5023,"featured_media":10724,"comment_status":"closed","ping_status":"closed","sticky":false,"template":"","format":"standard","meta":{"_acf_changed":false,"inline_featured_image":false,"footnotes":""},"categories":[4],"tags":[],"acf":[],"yoast_head":"<!-- This site is optimized with the Yoast SEO plugin v23.5 - https:\/\/yoast.com\/wordpress\/plugins\/seo\/ -->\n<title>Behind the Scenes vom Kastner &amp; \u00d6hler Covershooting - Kaufhaus Tyrol<\/title>\n<meta name=\"description\" content=\"Die neue Tirolerin ist da! Auf dem Cover der neuen Tirolerin ist das Kastner &amp; \u00d6hler Covermodel zu sehen. Holt euch jetzt die neue Ausgabe!\" \/>\n<meta name=\"robots\" content=\"index, follow, max-snippet:-1, max-image-preview:large, max-video-preview:-1\" \/>\n<link rel=\"canonical\" href=\"https:\/\/kaufhaus-tyrol.at\/de\/fashion\/behind-the-scenes-vom-kastner-oehler-covershooting\/\" \/>\n<meta property=\"og:locale\" content=\"de_DE\" \/>\n<meta property=\"og:type\" content=\"article\" \/>\n<meta property=\"og:title\" content=\"Behind the Scenes vom Kastner &amp; \u00d6hler Covershooting - Kaufhaus Tyrol\" \/>\n<meta property=\"og:description\" content=\"Die neue Tirolerin ist da! Auf dem Cover der neuen Tirolerin ist das Kastner &amp; \u00d6hler Covermodel zu sehen. Holt euch jetzt die neue Ausgabe!\" \/>\n<meta property=\"og:url\" content=\"https:\/\/kaufhaus-tyrol.at\/de\/fashion\/behind-the-scenes-vom-kastner-oehler-covershooting\/\" \/>\n<meta property=\"og:site_name\" content=\"Kaufhaus Tyrol\" \/>\n<meta property=\"article:publisher\" content=\"https:\/\/www.facebook.com\/kaufhaustyrol\/\" \/>\n<meta property=\"article:published_time\" content=\"2020-09-04T06:00:39+00:00\" \/>\n<meta property=\"article:modified_time\" content=\"2020-09-03T15:48:15+00:00\" \/>\n<meta property=\"og:image\" content=\"https:\/\/kaufhaus-tyrol.at\/wp-content\/uploads\/2020\/09\/behind-the-scenes-tirolerin-koe-shooting-scaled.jpg\" \/>\n\t<meta property=\"og:image:width\" content=\"2560\" \/>\n\t<meta property=\"og:image:height\" content=\"869\" \/>\n\t<meta property=\"og:image:type\" content=\"image\/jpeg\" \/>\n<meta name=\"author\" content=\"Melanie Rath\" \/>\n<meta name=\"twitter:card\" content=\"summary_large_image\" \/>\n<meta name=\"twitter:label1\" content=\"Verfasst von\" \/>\n\t<meta name=\"twitter:data1\" content=\"Melanie Rath\" \/>\n\t<meta name=\"twitter:label2\" content=\"Gesch\u00e4tzte Lesezeit\" \/>\n\t<meta name=\"twitter:data2\" content=\"2\u00a0Minuten\" \/>\n<script type=\"application\/ld+json\" class=\"yoast-schema-graph\">{\"@context\":\"https:\/\/schema.org\",\"@graph\":[{\"@type\":\"WebPage\",\"@id\":\"https:\/\/kaufhaus-tyrol.at\/de\/fashion\/behind-the-scenes-vom-kastner-oehler-covershooting\/\",\"url\":\"https:\/\/kaufhaus-tyrol.at\/de\/fashion\/behind-the-scenes-vom-kastner-oehler-covershooting\/\",\"name\":\"Behind the Scenes vom Kastner & \u00d6hler Covershooting - Kaufhaus Tyrol\",\"isPartOf\":{\"@id\":\"https:\/\/kaufhaus-tyrol.at\/de\/#website\"},\"primaryImageOfPage\":{\"@id\":\"https:\/\/kaufhaus-tyrol.at\/de\/fashion\/behind-the-scenes-vom-kastner-oehler-covershooting\/#primaryimage\"},\"image\":{\"@id\":\"https:\/\/kaufhaus-tyrol.at\/de\/fashion\/behind-the-scenes-vom-kastner-oehler-covershooting\/#primaryimage\"},\"thumbnailUrl\":\"https:\/\/kaufhaus-tyrol.at\/wp-content\/uploads\/2020\/09\/behind-the-scenes-tirolerin-koe-shooting-scaled.jpg\",\"datePublished\":\"2020-09-04T06:00:39+00:00\",\"dateModified\":\"2020-09-03T15:48:15+00:00\",\"author\":{\"@id\":\"https:\/\/kaufhaus-tyrol.at\/de\/#\/schema\/person\/32367013f669f5f4e54b19a1b10d8a7d\"},\"description\":\"Die neue Tirolerin ist da! Auf dem Cover der neuen Tirolerin ist das Kastner & \u00d6hler Covermodel zu sehen. Holt euch jetzt die neue Ausgabe!\",\"breadcrumb\":{\"@id\":\"https:\/\/kaufhaus-tyrol.at\/de\/fashion\/behind-the-scenes-vom-kastner-oehler-covershooting\/#breadcrumb\"},\"inLanguage\":\"de\",\"potentialAction\":[{\"@type\":\"ReadAction\",\"target\":[\"https:\/\/kaufhaus-tyrol.at\/de\/fashion\/behind-the-scenes-vom-kastner-oehler-covershooting\/\"]}]},{\"@type\":\"ImageObject\",\"inLanguage\":\"de\",\"@id\":\"https:\/\/kaufhaus-tyrol.at\/de\/fashion\/behind-the-scenes-vom-kastner-oehler-covershooting\/#primaryimage\",\"url\":\"https:\/\/kaufhaus-tyrol.at\/wp-content\/uploads\/2020\/09\/behind-the-scenes-tirolerin-koe-shooting-scaled.jpg\",\"contentUrl\":\"https:\/\/kaufhaus-tyrol.at\/wp-content\/uploads\/2020\/09\/behind-the-scenes-tirolerin-koe-shooting-scaled.jpg\",\"width\":2560,\"height\":869,\"caption\":\"Behind the Scenes: Tirolerin Covershooting\"},{\"@type\":\"BreadcrumbList\",\"@id\":\"https:\/\/kaufhaus-tyrol.at\/de\/fashion\/behind-the-scenes-vom-kastner-oehler-covershooting\/#breadcrumb\",\"itemListElement\":[{\"@type\":\"ListItem\",\"position\":1,\"name\":\"Home\",\"item\":\"https:\/\/kaufhaus-tyrol.at\/de\/\"},{\"@type\":\"ListItem\",\"position\":2,\"name\":\"Behind the Scenes vom Kastner &#038; \u00d6hler Covershooting\"}]},{\"@type\":\"WebSite\",\"@id\":\"https:\/\/kaufhaus-tyrol.at\/de\/#website\",\"url\":\"https:\/\/kaufhaus-tyrol.at\/de\/\",\"name\":\"Kaufhaus Tyrol\",\"description\":\"Shopping im Herzen von Innsbruck\",\"potentialAction\":[{\"@type\":\"SearchAction\",\"target\":{\"@type\":\"EntryPoint\",\"urlTemplate\":\"https:\/\/kaufhaus-tyrol.at\/de\/?s={search_term_string}\"},\"query-input\":{\"@type\":\"PropertyValueSpecification\",\"valueRequired\":true,\"valueName\":\"search_term_string\"}}],\"inLanguage\":\"de\"},{\"@type\":\"Person\",\"@id\":\"https:\/\/kaufhaus-tyrol.at\/de\/#\/schema\/person\/32367013f669f5f4e54b19a1b10d8a7d\",\"name\":\"Melanie Rath\",\"image\":{\"@type\":\"ImageObject\",\"inLanguage\":\"de\",\"@id\":\"https:\/\/kaufhaus-tyrol.at\/de\/#\/schema\/person\/image\/\",\"url\":\"https:\/\/secure.gravatar.com\/avatar\/8616faa6fd071f8e5e1aae5767b50aa0?s=96&d=mm&r=g\",\"contentUrl\":\"https:\/\/secure.gravatar.com\/avatar\/8616faa6fd071f8e5e1aae5767b50aa0?s=96&d=mm&r=g\",\"caption\":\"Melanie Rath\"}}]}<\/script>\n<!-- \/ Yoast SEO plugin. -->","yoast_head_json":{"title":"Behind the Scenes vom Kastner & \u00d6hler Covershooting - Kaufhaus Tyrol","description":"Die neue Tirolerin ist da! Auf dem Cover der neuen Tirolerin ist das Kastner & \u00d6hler Covermodel zu sehen. Holt euch jetzt die neue Ausgabe!","robots":{"index":"index","follow":"follow","max-snippet":"max-snippet:-1","max-image-preview":"max-image-preview:large","max-video-preview":"max-video-preview:-1"},"canonical":"https:\/\/kaufhaus-tyrol.at\/de\/fashion\/behind-the-scenes-vom-kastner-oehler-covershooting\/","og_locale":"de_DE","og_type":"article","og_title":"Behind the Scenes vom Kastner & \u00d6hler Covershooting - Kaufhaus Tyrol","og_description":"Die neue Tirolerin ist da! Auf dem Cover der neuen Tirolerin ist das Kastner & \u00d6hler Covermodel zu sehen. Holt euch jetzt die neue Ausgabe!","og_url":"https:\/\/kaufhaus-tyrol.at\/de\/fashion\/behind-the-scenes-vom-kastner-oehler-covershooting\/","og_site_name":"Kaufhaus Tyrol","article_publisher":"https:\/\/www.facebook.com\/kaufhaustyrol\/","article_published_time":"2020-09-04T06:00:39+00:00","article_modified_time":"2020-09-03T15:48:15+00:00","og_image":[{"width":2560,"height":869,"url":"https:\/\/kaufhaus-tyrol.at\/wp-content\/uploads\/2020\/09\/behind-the-scenes-tirolerin-koe-shooting-scaled.jpg","type":"image\/jpeg"}],"author":"Melanie Rath","twitter_card":"summary_large_image","twitter_misc":{"Verfasst von":"Melanie Rath","Gesch\u00e4tzte Lesezeit":"2\u00a0Minuten"},"schema":{"@context":"https:\/\/schema.org","@graph":[{"@type":"WebPage","@id":"https:\/\/kaufhaus-tyrol.at\/de\/fashion\/behind-the-scenes-vom-kastner-oehler-covershooting\/","url":"https:\/\/kaufhaus-tyrol.at\/de\/fashion\/behind-the-scenes-vom-kastner-oehler-covershooting\/","name":"Behind the Scenes vom Kastner & \u00d6hler Covershooting - Kaufhaus Tyrol","isPartOf":{"@id":"https:\/\/kaufhaus-tyrol.at\/de\/#website"},"primaryImageOfPage":{"@id":"https:\/\/kaufhaus-tyrol.at\/de\/fashion\/behind-the-scenes-vom-kastner-oehler-covershooting\/#primaryimage"},"image":{"@id":"https:\/\/kaufhaus-tyrol.at\/de\/fashion\/behind-the-scenes-vom-kastner-oehler-covershooting\/#primaryimage"},"thumbnailUrl":"https:\/\/kaufhaus-tyrol.at\/wp-content\/uploads\/2020\/09\/behind-the-scenes-tirolerin-koe-shooting-scaled.jpg","datePublished":"2020-09-04T06:00:39+00:00","dateModified":"2020-09-03T15:48:15+00:00","author":{"@id":"https:\/\/kaufhaus-tyrol.at\/de\/#\/schema\/person\/32367013f669f5f4e54b19a1b10d8a7d"},"description":"Die neue Tirolerin ist da! Auf dem Cover der neuen Tirolerin ist das Kastner & \u00d6hler Covermodel zu sehen. Holt euch jetzt die neue Ausgabe!","breadcrumb":{"@id":"https:\/\/kaufhaus-tyrol.at\/de\/fashion\/behind-the-scenes-vom-kastner-oehler-covershooting\/#breadcrumb"},"inLanguage":"de","potentialAction":[{"@type":"ReadAction","target":["https:\/\/kaufhaus-tyrol.at\/de\/fashion\/behind-the-scenes-vom-kastner-oehler-covershooting\/"]}]},{"@type":"ImageObject","inLanguage":"de","@id":"https:\/\/kaufhaus-tyrol.at\/de\/fashion\/behind-the-scenes-vom-kastner-oehler-covershooting\/#primaryimage","url":"https:\/\/kaufhaus-tyrol.at\/wp-content\/uploads\/2020\/09\/behind-the-scenes-tirolerin-koe-shooting-scaled.jpg","contentUrl":"https:\/\/kaufhaus-tyrol.at\/wp-content\/uploads\/2020\/09\/behind-the-scenes-tirolerin-koe-shooting-scaled.jpg","width":2560,"height":869,"caption":"Behind the Scenes: Tirolerin Covershooting"},{"@type":"BreadcrumbList","@id":"https:\/\/kaufhaus-tyrol.at\/de\/fashion\/behind-the-scenes-vom-kastner-oehler-covershooting\/#breadcrumb","itemListElement":[{"@type":"ListItem","position":1,"name":"Home","item":"https:\/\/kaufhaus-tyrol.at\/de\/"},{"@type":"ListItem","position":2,"name":"Behind the Scenes vom Kastner &#038; \u00d6hler Covershooting"}]},{"@type":"WebSite","@id":"https:\/\/kaufhaus-tyrol.at\/de\/#website","url":"https:\/\/kaufhaus-tyrol.at\/de\/","name":"Kaufhaus Tyrol","description":"Shopping im Herzen von Innsbruck","potentialAction":[{"@type":"SearchAction","target":{"@type":"EntryPoint","urlTemplate":"https:\/\/kaufhaus-tyrol.at\/de\/?s={search_term_string}"},"query-input":{"@type":"PropertyValueSpecification","valueRequired":true,"valueName":"search_term_string"}}],"inLanguage":"de"},{"@type":"Person","@id":"https:\/\/kaufhaus-tyrol.at\/de\/#\/schema\/person\/32367013f669f5f4e54b19a1b10d8a7d","name":"Melanie Rath","image":{"@type":"ImageObject","inLanguage":"de","@id":"https:\/\/kaufhaus-tyrol.at\/de\/#\/schema\/person\/image\/","url":"https:\/\/secure.gravatar.com\/avatar\/8616faa6fd071f8e5e1aae5767b50aa0?s=96&d=mm&r=g","contentUrl":"https:\/\/secure.gravatar.com\/avatar\/8616faa6fd071f8e5e1aae5767b50aa0?s=96&d=mm&r=g","caption":"Melanie Rath"}}]}},"_links":{"self":[{"href":"https:\/\/kaufhaus-tyrol.at\/de\/wp-json\/wp\/v2\/posts\/10671"}],"collection":[{"href":"https:\/\/kaufhaus-tyrol.at\/de\/wp-json\/wp\/v2\/posts"}],"about":[{"href":"https:\/\/kaufhaus-tyrol.at\/de\/wp-json\/wp\/v2\/types\/post"}],"author":[{"embeddable":true,"href":"https:\/\/kaufhaus-tyrol.at\/de\/wp-json\/wp\/v2\/users\/5023"}],"replies":[{"embeddable":true,"href":"https:\/\/kaufhaus-tyrol.at\/de\/wp-json\/wp\/v2\/comments?post=10671"}],"version-history":[{"count":8,"href":"https:\/\/kaufhaus-tyrol.at\/de\/wp-json\/wp\/v2\/posts\/10671\/revisions"}],"predecessor-version":[{"id":10733,"href":"https:\/\/kaufhaus-tyrol.at\/de\/wp-json\/wp\/v2\/posts\/10671\/revisions\/10733"}],"wp:featuredmedia":[{"embeddable":true,"href":"https:\/\/kaufhaus-tyrol.at\/de\/wp-json\/wp\/v2\/media\/10724"}],"wp:attachment":[{"href":"https:\/\/kaufhaus-tyrol.at\/de\/wp-json\/wp\/v2\/media?parent=10671"}],"wp:term":[{"taxonomy":"category","embeddable":true,"href":"https:\/\/kaufhaus-tyrol.at\/de\/wp-json\/wp\/v2\/categories?post=10671"},{"taxonomy":"post_tag","embeddable":true,"href":"https:\/\/kaufhaus-tyrol.at\/de\/wp-json\/wp\/v2\/tags?post=10671"}],"curies":[{"name":"wp","href":"https:\/\/api.w.org\/{rel}","templated":true}]}}