{"id":15316,"date":"2022-02-25T09:59:35","date_gmt":"2022-02-25T08:59:35","guid":{"rendered":"https:\/\/www.kaufhaus-tyrol.at\/?p=15316"},"modified":"2022-02-25T10:13:43","modified_gmt":"2022-02-25T09:13:43","slug":"fruehlingslook-in-gruen","status":"publish","type":"post","link":"https:\/\/kaufhaus-tyrol.at\/de\/fashion\/fruehlingslook-in-gruen\/","title":{"rendered":"Fr\u00fchlingslook in Gr\u00fcn"},"content":{"rendered":"<div class=\"wpb-content-wrapper\"><p>[vc_row][vc_column][vc_column_text]Gr\u00fcn z\u00e4hlt zu den Trendfarben in der Fr\u00fchlingszeit!<\/p>\n<p>Mit dieser Farbe bl\u00fcht der Kleiderschrank und die Stimmung auf. Gr\u00fcn steht f\u00fcr Wachstum, Neubeginn und erinnert an die sprie\u00dfenden Knospen, die bald \u00fcberall zum Vorschein kommen werden.<\/p>\n<p>Deshalb ist es auch eine starke Trendfarbe f\u00fcr die neue Saison und wir zeigen euch, wie ihr das angesagte &#8222;Grasgr\u00fcn&#8220; perfekt in Szene setzen k\u00f6nnt.[\/vc_column_text][\/vc_column][\/vc_row][vc_row][vc_column][vc_gallery interval=&#8220;3&#8243; images=&#8220;15321,15324,15327&#8243; img_size=&#8220;full&#8220; onclick=&#8220;&#8220;][\/vc_column][\/vc_row][vc_row][vc_column][vc_column_text]<\/p>\n<h4>So kombiniert ihr die Trendfarbe des Fr\u00fchlings:<\/h4>\n<p>Diesen grasgr\u00fcnen oversized Blazer haben wir bei <a href=\"https:\/\/kaufhaus-tyrol.at\/de\/shops\/kastner-oehler\/\">Kastner &amp; \u00d6hler<\/a> entdeckt. Der Oversized-Blazer Look kann zum Brunch am Wochenende, f\u00fcr einen Spaziergang durch die Stadt oder auch als Business-Look im B\u00fcro getragen werden. Wir zeigen euch die Accessoires, die ihr braucht, um das Outfit zu vervollst\u00e4ndigen.[\/vc_column_text][\/vc_column][\/vc_row][vc_row][vc_column][vc_column_text]<strong>Crossbody Bag<\/strong><\/p>\n<p>Ob l\u00e4ssig im Alltag, zum Dinner oder im B\u00fcro &#8211; Crossbody Bags passen sich an jeden Style an. Diese Tasche von Marc Jacobs haben wir bei <a href=\"https:\/\/kaufhaus-tyrol.at\/de\/shops\/kastner-oehler\/\">Kastner &amp; \u00d6hler<\/a> in der Taschenabteilung entdeckt. Sie ist zeitlos und elegant. Ein Must-have f\u00fcr jeden Kleiderschrank.[\/vc_column_text][\/vc_column][\/vc_row][vc_row][vc_column][vc_single_image image=&#8220;15332&#8243; img_size=&#8220;full&#8220;][\/vc_column][\/vc_row][vc_row][vc_column][vc_column_text]<strong>Sneaker f\u00fcr den perfekten Blazer-Look<\/strong><\/p>\n<p>Sneaker und Blazer sind die ideale Kombination. Sie verleihen dem gesamten Outfit Frische und einen l\u00e4ssigen Touch. Wir haben uns f\u00fcr ein klassisches Schuhpaar in der Farbe Beige von <a href=\"\/de?p=173\">Cuprum29<\/a> entschieden.[\/vc_column_text][\/vc_column][\/vc_row][vc_row][vc_column][vc_single_image image=&#8220;15336&#8243; img_size=&#8220;full&#8220;][\/vc_column][\/vc_row][vc_row][vc_column][vc_column_text]<strong>Gem\u00fctlicher Hoodie\u00a0<\/strong><\/p>\n<p>Elegant trifft sportlich. Die Kombination Hoodie und Blazer passt einfach immer. Sie bilden den perfekten Style f\u00fcr den Alltag und die Arbeit. Der graue Hoodie von <a href=\"https:\/\/kaufhaus-tyrol.at\/de\/shops\/kastner-oehler\/\">Kastner &amp; \u00d6hler<\/a> und der gr\u00fcne Blazer stehen f\u00fcr einen fr\u00f6hlichen Fr\u00fchlingslook. Einfach ein Outfit zum Wohlf\u00fchlen![\/vc_column_text][\/vc_column][\/vc_row][vc_row][vc_column][vc_single_image image=&#8220;15339&#8243; img_size=&#8220;full&#8220;][\/vc_column][\/vc_row][vc_row][vc_column][vc_column_text]Und fertig ist euer Look f\u00fcr einen perfekten Fr\u00fchlingstag!<\/p>\n<p>Wir freuen uns auf euren Besuch im Kaufhaus Tyrol. Die Fr\u00fchlingsstimmung und neuesten Trends sind bereits im Haus eingezogen und warten darauf, ausgef\u00fchrt zu werden.<\/p>\n<p>Wir sind gespannt, welche Fr\u00fchlingsfarben euch am besten gefallen. Viel Spa\u00df beim Shoppen und die Trends der Saison entdecken.[\/vc_column_text][\/vc_column][\/vc_row]<\/p>\n<\/div>","protected":false},"excerpt":{"rendered":"<p>Gr\u00fcn z\u00e4hlt zu den Trendfarben in der Fr\u00fchlingszeit!<\/p>\n<p>Mit dieser Farbe bl\u00fcht der Kleiderschrank und die Stimmung auf. Gr\u00fcn steht f\u00fcr Wachstum, Neubeginn und erinnert an die sprie\u00dfenden Knospen, die bald \u00fcberall zum Vorschein kommen werden.<\/p>\n<p>Deshalb ist es auch eine starke Trendfarbe f\u00fcr die neue Saison und wir zeigen euch, wie ihr das angesagte &#8222;Grasgr\u00fcn&#8220; perfekt in Szene setzen k\u00f6nnt.<\/p>\n","protected":false},"author":5023,"featured_media":15317,"comment_status":"closed","ping_status":"closed","sticky":false,"template":"","format":"standard","meta":{"_acf_changed":false,"inline_featured_image":false,"footnotes":""},"categories":[4],"tags":[],"acf":[],"yoast_head":"<!-- This site is optimized with the Yoast SEO plugin v23.5 - https:\/\/yoast.com\/wordpress\/plugins\/seo\/ -->\n<title>Fr\u00fchlingslook in Gr\u00fcn - Kaufhaus Tyrol<\/title>\n<meta name=\"robots\" content=\"index, follow, max-snippet:-1, max-image-preview:large, max-video-preview:-1\" \/>\n<link rel=\"canonical\" href=\"https:\/\/kaufhaus-tyrol.at\/de\/fashion\/fruehlingslook-in-gruen\/\" \/>\n<meta property=\"og:locale\" content=\"de_DE\" \/>\n<meta property=\"og:type\" content=\"article\" \/>\n<meta property=\"og:title\" content=\"Fr\u00fchlingslook in Gr\u00fcn - Kaufhaus Tyrol\" \/>\n<meta property=\"og:description\" content=\"Gr\u00fcn z\u00e4hlt zu den Trendfarben in der Fr\u00fchlingszeit!  Mit dieser Farbe bl\u00fcht der Kleiderschrank und die Stimmung auf. Gr\u00fcn steht f\u00fcr Wachstum, Neubeginn und erinnert an die sprie\u00dfenden Knospen, die bald \u00fcberall zum Vorschein kommen werden.  Deshalb ist es auch eine starke Trendfarbe f\u00fcr die neue Saison und wir zeigen euch, wie ihr das angesagte &quot;Grasgr\u00fcn&quot; perfekt in Szene setzen k\u00f6nnt.\" \/>\n<meta property=\"og:url\" content=\"https:\/\/kaufhaus-tyrol.at\/de\/fashion\/fruehlingslook-in-gruen\/\" \/>\n<meta property=\"og:site_name\" content=\"Kaufhaus Tyrol\" \/>\n<meta property=\"article:publisher\" content=\"https:\/\/www.facebook.com\/kaufhaustyrol\/\" \/>\n<meta property=\"article:published_time\" content=\"2022-02-25T08:59:35+00:00\" \/>\n<meta property=\"article:modified_time\" content=\"2022-02-25T09:13:43+00:00\" \/>\n<meta property=\"og:image\" content=\"https:\/\/kaufhaus-tyrol.at\/wp-content\/uploads\/2022\/02\/KHT_ContentFruehling_16.02.2022_22_header-scaled.jpg\" \/>\n\t<meta property=\"og:image:width\" content=\"2560\" \/>\n\t<meta property=\"og:image:height\" content=\"869\" \/>\n\t<meta property=\"og:image:type\" content=\"image\/jpeg\" \/>\n<meta name=\"author\" content=\"Melanie Rath\" \/>\n<meta name=\"twitter:card\" content=\"summary_large_image\" \/>\n<meta name=\"twitter:label1\" content=\"Verfasst von\" \/>\n\t<meta name=\"twitter:data1\" content=\"Melanie Rath\" \/>\n\t<meta name=\"twitter:label2\" content=\"Gesch\u00e4tzte Lesezeit\" \/>\n\t<meta name=\"twitter:data2\" content=\"2\u00a0Minuten\" \/>\n<script type=\"application\/ld+json\" class=\"yoast-schema-graph\">{\"@context\":\"https:\/\/schema.org\",\"@graph\":[{\"@type\":\"WebPage\",\"@id\":\"https:\/\/kaufhaus-tyrol.at\/de\/fashion\/fruehlingslook-in-gruen\/\",\"url\":\"https:\/\/kaufhaus-tyrol.at\/de\/fashion\/fruehlingslook-in-gruen\/\",\"name\":\"Fr\u00fchlingslook in Gr\u00fcn - Kaufhaus Tyrol\",\"isPartOf\":{\"@id\":\"https:\/\/kaufhaus-tyrol.at\/de\/#website\"},\"primaryImageOfPage\":{\"@id\":\"https:\/\/kaufhaus-tyrol.at\/de\/fashion\/fruehlingslook-in-gruen\/#primaryimage\"},\"image\":{\"@id\":\"https:\/\/kaufhaus-tyrol.at\/de\/fashion\/fruehlingslook-in-gruen\/#primaryimage\"},\"thumbnailUrl\":\"https:\/\/kaufhaus-tyrol.at\/wp-content\/uploads\/2022\/02\/KHT_ContentFruehling_16.02.2022_22_header-scaled.jpg\",\"datePublished\":\"2022-02-25T08:59:35+00:00\",\"dateModified\":\"2022-02-25T09:13:43+00:00\",\"author\":{\"@id\":\"https:\/\/kaufhaus-tyrol.at\/de\/#\/schema\/person\/32367013f669f5f4e54b19a1b10d8a7d\"},\"breadcrumb\":{\"@id\":\"https:\/\/kaufhaus-tyrol.at\/de\/fashion\/fruehlingslook-in-gruen\/#breadcrumb\"},\"inLanguage\":\"de\",\"potentialAction\":[{\"@type\":\"ReadAction\",\"target\":[\"https:\/\/kaufhaus-tyrol.at\/de\/fashion\/fruehlingslook-in-gruen\/\"]}]},{\"@type\":\"ImageObject\",\"inLanguage\":\"de\",\"@id\":\"https:\/\/kaufhaus-tyrol.at\/de\/fashion\/fruehlingslook-in-gruen\/#primaryimage\",\"url\":\"https:\/\/kaufhaus-tyrol.at\/wp-content\/uploads\/2022\/02\/KHT_ContentFruehling_16.02.2022_22_header-scaled.jpg\",\"contentUrl\":\"https:\/\/kaufhaus-tyrol.at\/wp-content\/uploads\/2022\/02\/KHT_ContentFruehling_16.02.2022_22_header-scaled.jpg\",\"width\":2560,\"height\":869,\"caption\":\"Fruehlingslook in Gruen\"},{\"@type\":\"BreadcrumbList\",\"@id\":\"https:\/\/kaufhaus-tyrol.at\/de\/fashion\/fruehlingslook-in-gruen\/#breadcrumb\",\"itemListElement\":[{\"@type\":\"ListItem\",\"position\":1,\"name\":\"Home\",\"item\":\"https:\/\/kaufhaus-tyrol.at\/de\/\"},{\"@type\":\"ListItem\",\"position\":2,\"name\":\"Fr\u00fchlingslook in Gr\u00fcn\"}]},{\"@type\":\"WebSite\",\"@id\":\"https:\/\/kaufhaus-tyrol.at\/de\/#website\",\"url\":\"https:\/\/kaufhaus-tyrol.at\/de\/\",\"name\":\"Kaufhaus Tyrol\",\"description\":\"Shopping im Herzen von Innsbruck\",\"potentialAction\":[{\"@type\":\"SearchAction\",\"target\":{\"@type\":\"EntryPoint\",\"urlTemplate\":\"https:\/\/kaufhaus-tyrol.at\/de\/?s={search_term_string}\"},\"query-input\":{\"@type\":\"PropertyValueSpecification\",\"valueRequired\":true,\"valueName\":\"search_term_string\"}}],\"inLanguage\":\"de\"},{\"@type\":\"Person\",\"@id\":\"https:\/\/kaufhaus-tyrol.at\/de\/#\/schema\/person\/32367013f669f5f4e54b19a1b10d8a7d\",\"name\":\"Melanie Rath\",\"image\":{\"@type\":\"ImageObject\",\"inLanguage\":\"de\",\"@id\":\"https:\/\/kaufhaus-tyrol.at\/de\/#\/schema\/person\/image\/\",\"url\":\"https:\/\/secure.gravatar.com\/avatar\/8616faa6fd071f8e5e1aae5767b50aa0?s=96&d=mm&r=g\",\"contentUrl\":\"https:\/\/secure.gravatar.com\/avatar\/8616faa6fd071f8e5e1aae5767b50aa0?s=96&d=mm&r=g\",\"caption\":\"Melanie Rath\"}}]}<\/script>\n<!-- \/ Yoast SEO plugin. -->","yoast_head_json":{"title":"Fr\u00fchlingslook in Gr\u00fcn - Kaufhaus Tyrol","robots":{"index":"index","follow":"follow","max-snippet":"max-snippet:-1","max-image-preview":"max-image-preview:large","max-video-preview":"max-video-preview:-1"},"canonical":"https:\/\/kaufhaus-tyrol.at\/de\/fashion\/fruehlingslook-in-gruen\/","og_locale":"de_DE","og_type":"article","og_title":"Fr\u00fchlingslook in Gr\u00fcn - Kaufhaus Tyrol","og_description":"Gr\u00fcn z\u00e4hlt zu den Trendfarben in der Fr\u00fchlingszeit!  Mit dieser Farbe bl\u00fcht der Kleiderschrank und die Stimmung auf. Gr\u00fcn steht f\u00fcr Wachstum, Neubeginn und erinnert an die sprie\u00dfenden Knospen, die bald \u00fcberall zum Vorschein kommen werden.  Deshalb ist es auch eine starke Trendfarbe f\u00fcr die neue Saison und wir zeigen euch, wie ihr das angesagte \"Grasgr\u00fcn\" perfekt in Szene setzen k\u00f6nnt.","og_url":"https:\/\/kaufhaus-tyrol.at\/de\/fashion\/fruehlingslook-in-gruen\/","og_site_name":"Kaufhaus Tyrol","article_publisher":"https:\/\/www.facebook.com\/kaufhaustyrol\/","article_published_time":"2022-02-25T08:59:35+00:00","article_modified_time":"2022-02-25T09:13:43+00:00","og_image":[{"width":2560,"height":869,"url":"https:\/\/kaufhaus-tyrol.at\/wp-content\/uploads\/2022\/02\/KHT_ContentFruehling_16.02.2022_22_header-scaled.jpg","type":"image\/jpeg"}],"author":"Melanie Rath","twitter_card":"summary_large_image","twitter_misc":{"Verfasst von":"Melanie Rath","Gesch\u00e4tzte Lesezeit":"2\u00a0Minuten"},"schema":{"@context":"https:\/\/schema.org","@graph":[{"@type":"WebPage","@id":"https:\/\/kaufhaus-tyrol.at\/de\/fashion\/fruehlingslook-in-gruen\/","url":"https:\/\/kaufhaus-tyrol.at\/de\/fashion\/fruehlingslook-in-gruen\/","name":"Fr\u00fchlingslook in Gr\u00fcn - Kaufhaus Tyrol","isPartOf":{"@id":"https:\/\/kaufhaus-tyrol.at\/de\/#website"},"primaryImageOfPage":{"@id":"https:\/\/kaufhaus-tyrol.at\/de\/fashion\/fruehlingslook-in-gruen\/#primaryimage"},"image":{"@id":"https:\/\/kaufhaus-tyrol.at\/de\/fashion\/fruehlingslook-in-gruen\/#primaryimage"},"thumbnailUrl":"https:\/\/kaufhaus-tyrol.at\/wp-content\/uploads\/2022\/02\/KHT_ContentFruehling_16.02.2022_22_header-scaled.jpg","datePublished":"2022-02-25T08:59:35+00:00","dateModified":"2022-02-25T09:13:43+00:00","author":{"@id":"https:\/\/kaufhaus-tyrol.at\/de\/#\/schema\/person\/32367013f669f5f4e54b19a1b10d8a7d"},"breadcrumb":{"@id":"https:\/\/kaufhaus-tyrol.at\/de\/fashion\/fruehlingslook-in-gruen\/#breadcrumb"},"inLanguage":"de","potentialAction":[{"@type":"ReadAction","target":["https:\/\/kaufhaus-tyrol.at\/de\/fashion\/fruehlingslook-in-gruen\/"]}]},{"@type":"ImageObject","inLanguage":"de","@id":"https:\/\/kaufhaus-tyrol.at\/de\/fashion\/fruehlingslook-in-gruen\/#primaryimage","url":"https:\/\/kaufhaus-tyrol.at\/wp-content\/uploads\/2022\/02\/KHT_ContentFruehling_16.02.2022_22_header-scaled.jpg","contentUrl":"https:\/\/kaufhaus-tyrol.at\/wp-content\/uploads\/2022\/02\/KHT_ContentFruehling_16.02.2022_22_header-scaled.jpg","width":2560,"height":869,"caption":"Fruehlingslook in Gruen"},{"@type":"BreadcrumbList","@id":"https:\/\/kaufhaus-tyrol.at\/de\/fashion\/fruehlingslook-in-gruen\/#breadcrumb","itemListElement":[{"@type":"ListItem","position":1,"name":"Home","item":"https:\/\/kaufhaus-tyrol.at\/de\/"},{"@type":"ListItem","position":2,"name":"Fr\u00fchlingslook in Gr\u00fcn"}]},{"@type":"WebSite","@id":"https:\/\/kaufhaus-tyrol.at\/de\/#website","url":"https:\/\/kaufhaus-tyrol.at\/de\/","name":"Kaufhaus Tyrol","description":"Shopping im Herzen von Innsbruck","potentialAction":[{"@type":"SearchAction","target":{"@type":"EntryPoint","urlTemplate":"https:\/\/kaufhaus-tyrol.at\/de\/?s={search_term_string}"},"query-input":{"@type":"PropertyValueSpecification","valueRequired":true,"valueName":"search_term_string"}}],"inLanguage":"de"},{"@type":"Person","@id":"https:\/\/kaufhaus-tyrol.at\/de\/#\/schema\/person\/32367013f669f5f4e54b19a1b10d8a7d","name":"Melanie Rath","image":{"@type":"ImageObject","inLanguage":"de","@id":"https:\/\/kaufhaus-tyrol.at\/de\/#\/schema\/person\/image\/","url":"https:\/\/secure.gravatar.com\/avatar\/8616faa6fd071f8e5e1aae5767b50aa0?s=96&d=mm&r=g","contentUrl":"https:\/\/secure.gravatar.com\/avatar\/8616faa6fd071f8e5e1aae5767b50aa0?s=96&d=mm&r=g","caption":"Melanie Rath"}}]}},"_links":{"self":[{"href":"https:\/\/kaufhaus-tyrol.at\/de\/wp-json\/wp\/v2\/posts\/15316"}],"collection":[{"href":"https:\/\/kaufhaus-tyrol.at\/de\/wp-json\/wp\/v2\/posts"}],"about":[{"href":"https:\/\/kaufhaus-tyrol.at\/de\/wp-json\/wp\/v2\/types\/post"}],"author":[{"embeddable":true,"href":"https:\/\/kaufhaus-tyrol.at\/de\/wp-json\/wp\/v2\/users\/5023"}],"replies":[{"embeddable":true,"href":"https:\/\/kaufhaus-tyrol.at\/de\/wp-json\/wp\/v2\/comments?post=15316"}],"version-history":[{"count":9,"href":"https:\/\/kaufhaus-tyrol.at\/de\/wp-json\/wp\/v2\/posts\/15316\/revisions"}],"predecessor-version":[{"id":15346,"href":"https:\/\/kaufhaus-tyrol.at\/de\/wp-json\/wp\/v2\/posts\/15316\/revisions\/15346"}],"wp:featuredmedia":[{"embeddable":true,"href":"https:\/\/kaufhaus-tyrol.at\/de\/wp-json\/wp\/v2\/media\/15317"}],"wp:attachment":[{"href":"https:\/\/kaufhaus-tyrol.at\/de\/wp-json\/wp\/v2\/media?parent=15316"}],"wp:term":[{"taxonomy":"category","embeddable":true,"href":"https:\/\/kaufhaus-tyrol.at\/de\/wp-json\/wp\/v2\/categories?post=15316"},{"taxonomy":"post_tag","embeddable":true,"href":"https:\/\/kaufhaus-tyrol.at\/de\/wp-json\/wp\/v2\/tags?post=15316"}],"curies":[{"name":"wp","href":"https:\/\/api.w.org\/{rel}","templated":true}]}}