{"id":15698,"date":"2022-04-12T16:12:38","date_gmt":"2022-04-12T14:12:38","guid":{"rendered":"https:\/\/www.kaufhaus-tyrol.at\/?p=15698"},"modified":"2022-04-12T16:37:49","modified_gmt":"2022-04-12T14:37:49","slug":"die-duefte-des-fruehlings","status":"publish","type":"post","link":"https:\/\/kaufhaus-tyrol.at\/de\/beauty\/die-duefte-des-fruehlings\/","title":{"rendered":"Die D\u00fcfte des Fr\u00fchlings"},"content":{"rendered":"<div class=\"wpb-content-wrapper\"><p>[vc_row][vc_column][vc_column_text]Parfumexpertin Dilara Er von <a href=\"https:\/\/kaufhaus-tyrol.at\/de\/shops\/kastner-oehler\/?gclid=Cj0KCQjwxtSSBhDYARIsAEn0thQTeGPjjb9MjVpwnNFEF35PF14Qd4TZiJvsA2WSULG3ROc9r5u7pU8aAqAJEALw_wcB\">Kastner &amp; \u00d6hler<\/a> stellt uns die D\u00fcfte f\u00fcr den Fr\u00fchling vor. Die s\u00fc\u00dfen Fr\u00fchlingsd\u00fcfte eignen sich auch perfekt als Ostergeschenk.<\/p>\n<p><em><strong>Parfums beeinflussen Stimmung und Wahrnehmung und unterstreichen im besten Fall die Pers\u00f6nlichkeit ihrer Tr\u00e4ger. Parfumexpertin Dilara erkl\u00e4rt, worauf es ankommt und empfiehlt Highlights aus der Kastner &amp; \u00d6hler Beautyabteilung.<\/strong><\/em><\/p>\n<p>Parfums sind etwas sehr Pers\u00f6nliches, sagt Dilara, die in der Parfumabteilung von Kastner &amp; \u00d6hler Kundinnen und Kunden bei ihrer Suche nach dem perfekten Duft unterst\u00fctzt. Bei der Beratung achtet sie besonders darauf, dass niemand immer das gleiche Produkt kauft: &#8220; Die Nase gew\u00f6hnt sich an Duftnoten, deshalb ist es gut, ab und zu den Duft zu wechseln. Zum Beispiel im Sommer etwas anderes zu verwenden als im Winter.&#8220; Dieser saisonale Wechsel sei auch deshalb sinnvoll, weil nicht alle D\u00fcfte das ganze Jahr \u00fcber getragen werden sollen. &#8220; Viele Parfums sind entweder f\u00fcr warme oder f\u00fcr k\u00fchle Temperaturen gedacht. Im Winter entfalten sich kr\u00e4ftige, starke Noten besonders gut &#8211; im Sommer verhalten sich die \u00e4therischen \u00d6le ganz anders und der Duft ver\u00e4ndert sich&#8220;, erkl\u00e4rt sie. &#8222;Leichte Sommerd\u00fcfte wirken dagegen besonders bei warmen Temperaturen , weil sie genau darauf abgestimmt sind.&#8220;[\/vc_column_text][\/vc_column][\/vc_row][vc_row][vc_column][vc_single_image image=&#8220;15712&#8243; img_size=&#8220;full&#8220;][\/vc_column][\/vc_row][vc_row][vc_column][vc_column_text]<\/p>\n<h4 style=\"text-align: center;\">Duftempfehlungen f\u00fcr die warme Jahreszeit:<\/h4>\n<p>[\/vc_column_text][\/vc_column][\/vc_row][vc_row][vc_column width=&#8220;1\/2&#8243;][vc_column_text]<\/p>\n<ol>\n<li style=\"text-align: left;\"><strong>Fruchtiger Sommerbegleiter:<\/strong> Valentino Born in Roma Coral Fantasy Eau de Parfum<\/li>\n<li style=\"text-align: left;\"><strong>Belebende Tiefe:<\/strong> Acqua di Gi\u00f2<\/li>\n<li style=\"text-align: left;\"><strong>Kraftvoll:<\/strong> Chanel Allure Homme Sport Eau Extreme<\/li>\n<li style=\"text-align: left;\"><strong>Abendbegleiter:<\/strong> Baccarat Rouge 540<\/li>\n<\/ol>\n<p>[\/vc_column_text][\/vc_column][vc_column width=&#8220;1\/2&#8243;][vc_column_text]5. <strong>Sinnlich:<\/strong> Dior Homme<\/p>\n<p>6. <strong>Maskuline:<\/strong> Montblanc Legend Spirit<\/p>\n<p>7. <strong>Allrounder:<\/strong> Armani S\u00ed Passione \u00e9clat<\/p>\n<p>8. <strong>Jubil\u00e4umsedition:<\/strong> Lanc\u00f4me La vie est Belle[\/vc_column_text][\/vc_column][\/vc_row][vc_row][vc_column][vc_single_image image=&#8220;15708&#8243; img_size=&#8220;full&#8220;][\/vc_column][\/vc_row][vc_row][vc_column][vc_column_text]<\/p>\n<h4 style=\"text-align: center;\">Dilaras Tipp:<\/h4>\n<p style=\"text-align: center;\"><em>Immer mehrere Parfums zu Hause haben &#8211; da man nicht immer in der gleichen Stimmung ist, passt auch nicht immer der gleiche Duft.<\/em><\/p>\n<p>[\/vc_column_text][\/vc_column][\/vc_row]<\/p>\n<\/div>","protected":false},"excerpt":{"rendered":"<p>Parfumexpertin Dilara Er von Kastner &#038; \u00d6hler stellt uns die D\u00fcfte f\u00fcr den Fr\u00fchling vor. Die s\u00fc\u00dfen Fr\u00fchlingsd\u00fcfte eignen sich auch perfekt als Ostergeschenk.<\/p>\n","protected":false},"author":5023,"featured_media":15705,"comment_status":"closed","ping_status":"closed","sticky":false,"template":"","format":"standard","meta":{"_acf_changed":false,"inline_featured_image":false,"footnotes":""},"categories":[43],"tags":[],"acf":[],"yoast_head":"<!-- This site is optimized with the Yoast SEO plugin v23.5 - https:\/\/yoast.com\/wordpress\/plugins\/seo\/ -->\n<title>Die D\u00fcfte des Fr\u00fchlings - Kaufhaus Tyrol<\/title>\n<meta name=\"robots\" content=\"index, follow, max-snippet:-1, max-image-preview:large, max-video-preview:-1\" \/>\n<link rel=\"canonical\" href=\"https:\/\/kaufhaus-tyrol.at\/de\/beauty\/die-duefte-des-fruehlings\/\" \/>\n<meta property=\"og:locale\" content=\"de_DE\" \/>\n<meta property=\"og:type\" content=\"article\" \/>\n<meta property=\"og:title\" content=\"Die D\u00fcfte des Fr\u00fchlings - Kaufhaus Tyrol\" \/>\n<meta property=\"og:description\" content=\"Parfumexpertin Dilara Er von Kastner &amp; \u00d6hler stellt uns die D\u00fcfte f\u00fcr den Fr\u00fchling vor. Die s\u00fc\u00dfen Fr\u00fchlingsd\u00fcfte eignen sich auch perfekt als Ostergeschenk.\" \/>\n<meta property=\"og:url\" content=\"https:\/\/kaufhaus-tyrol.at\/de\/beauty\/die-duefte-des-fruehlings\/\" \/>\n<meta property=\"og:site_name\" content=\"Kaufhaus Tyrol\" \/>\n<meta property=\"article:publisher\" content=\"https:\/\/www.facebook.com\/kaufhaustyrol\/\" \/>\n<meta property=\"article:published_time\" content=\"2022-04-12T14:12:38+00:00\" \/>\n<meta property=\"article:modified_time\" content=\"2022-04-12T14:37:49+00:00\" \/>\n<meta property=\"og:image\" content=\"https:\/\/kaufhaus-tyrol.at\/wp-content\/uploads\/2022\/04\/AXS0424-1-scaled.jpg\" \/>\n\t<meta property=\"og:image:width\" content=\"2560\" \/>\n\t<meta property=\"og:image:height\" content=\"869\" \/>\n\t<meta property=\"og:image:type\" content=\"image\/jpeg\" \/>\n<meta name=\"author\" content=\"Melanie Rath\" \/>\n<meta name=\"twitter:card\" content=\"summary_large_image\" \/>\n<meta name=\"twitter:label1\" content=\"Verfasst von\" \/>\n\t<meta name=\"twitter:data1\" content=\"Melanie Rath\" \/>\n\t<meta name=\"twitter:label2\" content=\"Gesch\u00e4tzte Lesezeit\" \/>\n\t<meta name=\"twitter:data2\" content=\"2\u00a0Minuten\" \/>\n<script type=\"application\/ld+json\" class=\"yoast-schema-graph\">{\"@context\":\"https:\/\/schema.org\",\"@graph\":[{\"@type\":\"WebPage\",\"@id\":\"https:\/\/kaufhaus-tyrol.at\/de\/beauty\/die-duefte-des-fruehlings\/\",\"url\":\"https:\/\/kaufhaus-tyrol.at\/de\/beauty\/die-duefte-des-fruehlings\/\",\"name\":\"Die D\u00fcfte des Fr\u00fchlings - Kaufhaus Tyrol\",\"isPartOf\":{\"@id\":\"https:\/\/kaufhaus-tyrol.at\/de\/#website\"},\"primaryImageOfPage\":{\"@id\":\"https:\/\/kaufhaus-tyrol.at\/de\/beauty\/die-duefte-des-fruehlings\/#primaryimage\"},\"image\":{\"@id\":\"https:\/\/kaufhaus-tyrol.at\/de\/beauty\/die-duefte-des-fruehlings\/#primaryimage\"},\"thumbnailUrl\":\"https:\/\/kaufhaus-tyrol.at\/wp-content\/uploads\/2022\/04\/AXS0424-1-scaled.jpg\",\"datePublished\":\"2022-04-12T14:12:38+00:00\",\"dateModified\":\"2022-04-12T14:37:49+00:00\",\"author\":{\"@id\":\"https:\/\/kaufhaus-tyrol.at\/de\/#\/schema\/person\/32367013f669f5f4e54b19a1b10d8a7d\"},\"breadcrumb\":{\"@id\":\"https:\/\/kaufhaus-tyrol.at\/de\/beauty\/die-duefte-des-fruehlings\/#breadcrumb\"},\"inLanguage\":\"de\",\"potentialAction\":[{\"@type\":\"ReadAction\",\"target\":[\"https:\/\/kaufhaus-tyrol.at\/de\/beauty\/die-duefte-des-fruehlings\/\"]}]},{\"@type\":\"ImageObject\",\"inLanguage\":\"de\",\"@id\":\"https:\/\/kaufhaus-tyrol.at\/de\/beauty\/die-duefte-des-fruehlings\/#primaryimage\",\"url\":\"https:\/\/kaufhaus-tyrol.at\/wp-content\/uploads\/2022\/04\/AXS0424-1-scaled.jpg\",\"contentUrl\":\"https:\/\/kaufhaus-tyrol.at\/wp-content\/uploads\/2022\/04\/AXS0424-1-scaled.jpg\",\"width\":2560,\"height\":869,\"caption\":\"Fruehlingsduefte\"},{\"@type\":\"BreadcrumbList\",\"@id\":\"https:\/\/kaufhaus-tyrol.at\/de\/beauty\/die-duefte-des-fruehlings\/#breadcrumb\",\"itemListElement\":[{\"@type\":\"ListItem\",\"position\":1,\"name\":\"Home\",\"item\":\"https:\/\/kaufhaus-tyrol.at\/de\/\"},{\"@type\":\"ListItem\",\"position\":2,\"name\":\"Die D\u00fcfte des Fr\u00fchlings\"}]},{\"@type\":\"WebSite\",\"@id\":\"https:\/\/kaufhaus-tyrol.at\/de\/#website\",\"url\":\"https:\/\/kaufhaus-tyrol.at\/de\/\",\"name\":\"Kaufhaus Tyrol\",\"description\":\"Shopping im Herzen von Innsbruck\",\"potentialAction\":[{\"@type\":\"SearchAction\",\"target\":{\"@type\":\"EntryPoint\",\"urlTemplate\":\"https:\/\/kaufhaus-tyrol.at\/de\/?s={search_term_string}\"},\"query-input\":{\"@type\":\"PropertyValueSpecification\",\"valueRequired\":true,\"valueName\":\"search_term_string\"}}],\"inLanguage\":\"de\"},{\"@type\":\"Person\",\"@id\":\"https:\/\/kaufhaus-tyrol.at\/de\/#\/schema\/person\/32367013f669f5f4e54b19a1b10d8a7d\",\"name\":\"Melanie Rath\",\"image\":{\"@type\":\"ImageObject\",\"inLanguage\":\"de\",\"@id\":\"https:\/\/kaufhaus-tyrol.at\/de\/#\/schema\/person\/image\/\",\"url\":\"https:\/\/secure.gravatar.com\/avatar\/8616faa6fd071f8e5e1aae5767b50aa0?s=96&d=mm&r=g\",\"contentUrl\":\"https:\/\/secure.gravatar.com\/avatar\/8616faa6fd071f8e5e1aae5767b50aa0?s=96&d=mm&r=g\",\"caption\":\"Melanie Rath\"}}]}<\/script>\n<!-- \/ Yoast SEO plugin. -->","yoast_head_json":{"title":"Die D\u00fcfte des Fr\u00fchlings - Kaufhaus Tyrol","robots":{"index":"index","follow":"follow","max-snippet":"max-snippet:-1","max-image-preview":"max-image-preview:large","max-video-preview":"max-video-preview:-1"},"canonical":"https:\/\/kaufhaus-tyrol.at\/de\/beauty\/die-duefte-des-fruehlings\/","og_locale":"de_DE","og_type":"article","og_title":"Die D\u00fcfte des Fr\u00fchlings - Kaufhaus Tyrol","og_description":"Parfumexpertin Dilara Er von Kastner & \u00d6hler stellt uns die D\u00fcfte f\u00fcr den Fr\u00fchling vor. Die s\u00fc\u00dfen Fr\u00fchlingsd\u00fcfte eignen sich auch perfekt als Ostergeschenk.","og_url":"https:\/\/kaufhaus-tyrol.at\/de\/beauty\/die-duefte-des-fruehlings\/","og_site_name":"Kaufhaus Tyrol","article_publisher":"https:\/\/www.facebook.com\/kaufhaustyrol\/","article_published_time":"2022-04-12T14:12:38+00:00","article_modified_time":"2022-04-12T14:37:49+00:00","og_image":[{"width":2560,"height":869,"url":"https:\/\/kaufhaus-tyrol.at\/wp-content\/uploads\/2022\/04\/AXS0424-1-scaled.jpg","type":"image\/jpeg"}],"author":"Melanie Rath","twitter_card":"summary_large_image","twitter_misc":{"Verfasst von":"Melanie Rath","Gesch\u00e4tzte Lesezeit":"2\u00a0Minuten"},"schema":{"@context":"https:\/\/schema.org","@graph":[{"@type":"WebPage","@id":"https:\/\/kaufhaus-tyrol.at\/de\/beauty\/die-duefte-des-fruehlings\/","url":"https:\/\/kaufhaus-tyrol.at\/de\/beauty\/die-duefte-des-fruehlings\/","name":"Die D\u00fcfte des Fr\u00fchlings - Kaufhaus Tyrol","isPartOf":{"@id":"https:\/\/kaufhaus-tyrol.at\/de\/#website"},"primaryImageOfPage":{"@id":"https:\/\/kaufhaus-tyrol.at\/de\/beauty\/die-duefte-des-fruehlings\/#primaryimage"},"image":{"@id":"https:\/\/kaufhaus-tyrol.at\/de\/beauty\/die-duefte-des-fruehlings\/#primaryimage"},"thumbnailUrl":"https:\/\/kaufhaus-tyrol.at\/wp-content\/uploads\/2022\/04\/AXS0424-1-scaled.jpg","datePublished":"2022-04-12T14:12:38+00:00","dateModified":"2022-04-12T14:37:49+00:00","author":{"@id":"https:\/\/kaufhaus-tyrol.at\/de\/#\/schema\/person\/32367013f669f5f4e54b19a1b10d8a7d"},"breadcrumb":{"@id":"https:\/\/kaufhaus-tyrol.at\/de\/beauty\/die-duefte-des-fruehlings\/#breadcrumb"},"inLanguage":"de","potentialAction":[{"@type":"ReadAction","target":["https:\/\/kaufhaus-tyrol.at\/de\/beauty\/die-duefte-des-fruehlings\/"]}]},{"@type":"ImageObject","inLanguage":"de","@id":"https:\/\/kaufhaus-tyrol.at\/de\/beauty\/die-duefte-des-fruehlings\/#primaryimage","url":"https:\/\/kaufhaus-tyrol.at\/wp-content\/uploads\/2022\/04\/AXS0424-1-scaled.jpg","contentUrl":"https:\/\/kaufhaus-tyrol.at\/wp-content\/uploads\/2022\/04\/AXS0424-1-scaled.jpg","width":2560,"height":869,"caption":"Fruehlingsduefte"},{"@type":"BreadcrumbList","@id":"https:\/\/kaufhaus-tyrol.at\/de\/beauty\/die-duefte-des-fruehlings\/#breadcrumb","itemListElement":[{"@type":"ListItem","position":1,"name":"Home","item":"https:\/\/kaufhaus-tyrol.at\/de\/"},{"@type":"ListItem","position":2,"name":"Die D\u00fcfte des Fr\u00fchlings"}]},{"@type":"WebSite","@id":"https:\/\/kaufhaus-tyrol.at\/de\/#website","url":"https:\/\/kaufhaus-tyrol.at\/de\/","name":"Kaufhaus Tyrol","description":"Shopping im Herzen von Innsbruck","potentialAction":[{"@type":"SearchAction","target":{"@type":"EntryPoint","urlTemplate":"https:\/\/kaufhaus-tyrol.at\/de\/?s={search_term_string}"},"query-input":{"@type":"PropertyValueSpecification","valueRequired":true,"valueName":"search_term_string"}}],"inLanguage":"de"},{"@type":"Person","@id":"https:\/\/kaufhaus-tyrol.at\/de\/#\/schema\/person\/32367013f669f5f4e54b19a1b10d8a7d","name":"Melanie Rath","image":{"@type":"ImageObject","inLanguage":"de","@id":"https:\/\/kaufhaus-tyrol.at\/de\/#\/schema\/person\/image\/","url":"https:\/\/secure.gravatar.com\/avatar\/8616faa6fd071f8e5e1aae5767b50aa0?s=96&d=mm&r=g","contentUrl":"https:\/\/secure.gravatar.com\/avatar\/8616faa6fd071f8e5e1aae5767b50aa0?s=96&d=mm&r=g","caption":"Melanie Rath"}}]}},"_links":{"self":[{"href":"https:\/\/kaufhaus-tyrol.at\/de\/wp-json\/wp\/v2\/posts\/15698"}],"collection":[{"href":"https:\/\/kaufhaus-tyrol.at\/de\/wp-json\/wp\/v2\/posts"}],"about":[{"href":"https:\/\/kaufhaus-tyrol.at\/de\/wp-json\/wp\/v2\/types\/post"}],"author":[{"embeddable":true,"href":"https:\/\/kaufhaus-tyrol.at\/de\/wp-json\/wp\/v2\/users\/5023"}],"replies":[{"embeddable":true,"href":"https:\/\/kaufhaus-tyrol.at\/de\/wp-json\/wp\/v2\/comments?post=15698"}],"version-history":[{"count":8,"href":"https:\/\/kaufhaus-tyrol.at\/de\/wp-json\/wp\/v2\/posts\/15698\/revisions"}],"predecessor-version":[{"id":15718,"href":"https:\/\/kaufhaus-tyrol.at\/de\/wp-json\/wp\/v2\/posts\/15698\/revisions\/15718"}],"wp:featuredmedia":[{"embeddable":true,"href":"https:\/\/kaufhaus-tyrol.at\/de\/wp-json\/wp\/v2\/media\/15705"}],"wp:attachment":[{"href":"https:\/\/kaufhaus-tyrol.at\/de\/wp-json\/wp\/v2\/media?parent=15698"}],"wp:term":[{"taxonomy":"category","embeddable":true,"href":"https:\/\/kaufhaus-tyrol.at\/de\/wp-json\/wp\/v2\/categories?post=15698"},{"taxonomy":"post_tag","embeddable":true,"href":"https:\/\/kaufhaus-tyrol.at\/de\/wp-json\/wp\/v2\/tags?post=15698"}],"curies":[{"name":"wp","href":"https:\/\/api.w.org\/{rel}","templated":true}]}}