{"id":15787,"date":"2022-04-28T09:28:34","date_gmt":"2022-04-28T07:28:34","guid":{"rendered":"https:\/\/www.kaufhaus-tyrol.at\/?p=15787"},"modified":"2022-04-28T09:32:31","modified_gmt":"2022-04-28T07:32:31","slug":"fashion-highlights-fuer-den-fruehling","status":"publish","type":"post","link":"https:\/\/kaufhaus-tyrol.at\/de\/fashion\/fashion-highlights-fuer-den-fruehling\/","title":{"rendered":"Fashion Highlights f\u00fcr den Fr\u00fchling"},"content":{"rendered":"<div class=\"wpb-content-wrapper\"><p>[vc_row][vc_column][vc_column_text]<\/p>\n<p style=\"text-align: center;\"><strong><em>Frisch, verspielt, sportlich und elegant:<\/em><\/strong><\/p>\n<p style=\"text-align: center;\">Die coolsten Fr\u00fchlingslooks aus dem Kaufhaus Tyrol, in Szene gesetzt am Sportinstitut der Universit\u00e4t Innsbruck.<\/p>\n<p>[\/vc_column_text][\/vc_column][\/vc_row][vc_row][vc_column][vc_column_text]<\/p>\n<p style=\"text-align: center;\">Wir f\u00fchren euch mit unserem Style-Guide durch die Fr\u00fchlingszeit und zeigen euch die angesagtesten Looks der Saison. Einfach durchscrollen und inspirieren lassen.<\/p>\n<p>[\/vc_column_text][\/vc_column][\/vc_row][vc_row][vc_column width=&#8220;1\/2&#8243;][vc_single_image image=&#8220;15805&#8243; img_size=&#8220;full&#8220;][vc_column_text]Outfit von Only im 1. OG[\/vc_column_text][\/vc_column][vc_column width=&#8220;1\/2&#8243;][vc_single_image image=&#8220;15817&#8243; img_size=&#8220;full&#8220;][vc_column_text]Outfit von Cos im EG[\/vc_column_text][\/vc_column][\/vc_row][vc_row][vc_column width=&#8220;1\/2&#8243;][vc_single_image image=&#8220;15793&#8243; img_size=&#8220;full&#8220;][vc_column_text]Outfit von Levis im 1. OG, H&amp;M im EG und Timberland im 1. OG[\/vc_column_text][\/vc_column][vc_column width=&#8220;1\/2&#8243;][vc_single_image image=&#8220;15796&#8243; img_size=&#8220;full&#8220;][vc_column_text]Outfit von Levis im 1. OG und Esprit im EG[\/vc_column_text][\/vc_column][\/vc_row][vc_row][vc_column width=&#8220;1\/2&#8243;][vc_single_image image=&#8220;15814&#8243; img_size=&#8220;full&#8220;][vc_column_text]Outfit von Cuprum29 im 2. OG[\/vc_column_text][\/vc_column][vc_column width=&#8220;1\/2&#8243;][vc_single_image image=&#8220;15811&#8243; img_size=&#8220;full&#8220;][vc_column_text]Outfit von Cuprum29 im 2. OG[\/vc_column_text][\/vc_column][\/vc_row][vc_row][vc_column width=&#8220;1\/2&#8243;][vc_single_image image=&#8220;15808&#8243; img_size=&#8220;full&#8220;][vc_column_text]Outfit von Esprit im EG[\/vc_column_text][\/vc_column][vc_column width=&#8220;1\/2&#8243;][vc_single_image image=&#8220;15802&#8243; img_size=&#8220;full&#8220;][vc_column_text]Outfit von Gstar im 2. OG[\/vc_column_text][\/vc_column][\/vc_row][vc_row][vc_column][vc_column_text]<\/p>\n<p style=\"text-align: center;\"><strong>MAKING-OF<\/strong><\/p>\n<p style=\"text-align: center;\"><em>Behind the Scenes<\/em><\/p>\n<p style=\"text-align: center;\">F\u00fcr das Modeshooting der aktuellen Ausgabe hat sich unser Produktionsteam einen Tag lang am Universit\u00e4ts-Sportinstitut Innsbruck (USI) einquartiert.<\/p>\n<p>[\/vc_column_text][\/vc_column][\/vc_row][vc_row][vc_column][vc_gallery interval=&#8220;3&#8243; images=&#8220;15822,15825,15828&#8243; img_size=&#8220;full&#8220;][\/vc_column][\/vc_row][vc_row][vc_column][vc_column_text]<\/p>\n<p style=\"text-align: center;\">Mit ihren vielen verschiedenen Hallen, Trib\u00fcnen und Sportpl\u00e4tzen bot die USI an einem strahlend sch\u00f6nen, aber bitterkalten M\u00e4rztag die perfekte Kulisse, um die Fr\u00fchjahrstrends aus dem Kaufhaus Tyrol in Szene zu setzen. Die Shootingcrew, bestehend aus Fotograf Michael Rathmayr , den Models Antonia und Theo, Make-up-Artist Elke Griessmayr und den Produktionsassistentinnen Alina Klampfer und Lisa Schwarzenauer hatten ihren Spa\u00df in der vor Semesterbeginn noch sehr ruhigen Location &#8211; Ausfl\u00fcge ins Schwimmbad und kleine Fechteinlagen inklusive.<\/p>\n<p>[\/vc_column_text][\/vc_column][\/vc_row][vc_row][vc_column][vc_gallery interval=&#8220;3&#8243; images=&#8220;15832,15835,15838&#8243; img_size=&#8220;full&#8220;][\/vc_column][\/vc_row]<\/p>\n<\/div>","protected":false},"excerpt":{"rendered":"<p>Frisch, verspielt, sportlich und elegant:<br \/>\nDie coolsten Fr\u00fchlingslooks aus dem Kaufhaus Tyrol, in Szene gesetzt am Sportinstitut der Universit\u00e4t Innsbruck.<\/p>\n","protected":false},"author":5023,"featured_media":15788,"comment_status":"closed","ping_status":"closed","sticky":false,"template":"","format":"standard","meta":{"_acf_changed":false,"inline_featured_image":false,"footnotes":""},"categories":[4],"tags":[],"acf":[],"yoast_head":"<!-- This site is optimized with the Yoast SEO plugin v23.5 - https:\/\/yoast.com\/wordpress\/plugins\/seo\/ -->\n<title>Fashion Highlights f\u00fcr den Fr\u00fchling - Kaufhaus Tyrol<\/title>\n<meta name=\"robots\" content=\"index, follow, max-snippet:-1, max-image-preview:large, max-video-preview:-1\" \/>\n<link rel=\"canonical\" href=\"https:\/\/kaufhaus-tyrol.at\/de\/fashion\/fashion-highlights-fuer-den-fruehling\/\" \/>\n<meta property=\"og:locale\" content=\"de_DE\" \/>\n<meta property=\"og:type\" content=\"article\" \/>\n<meta property=\"og:title\" content=\"Fashion Highlights f\u00fcr den Fr\u00fchling - Kaufhaus Tyrol\" \/>\n<meta property=\"og:description\" content=\"Frisch, verspielt, sportlich und elegant: Die coolsten Fr\u00fchlingslooks aus dem Kaufhaus Tyrol, in Szene gesetzt am Sportinstitut der Universit\u00e4t Innsbruck.\" \/>\n<meta property=\"og:url\" content=\"https:\/\/kaufhaus-tyrol.at\/de\/fashion\/fashion-highlights-fuer-den-fruehling\/\" \/>\n<meta property=\"og:site_name\" content=\"Kaufhaus Tyrol\" \/>\n<meta property=\"article:publisher\" content=\"https:\/\/www.facebook.com\/kaufhaustyrol\/\" \/>\n<meta property=\"article:published_time\" content=\"2022-04-28T07:28:34+00:00\" \/>\n<meta property=\"article:modified_time\" content=\"2022-04-28T07:32:31+00:00\" \/>\n<meta property=\"og:image\" content=\"https:\/\/kaufhaus-tyrol.at\/wp-content\/uploads\/2022\/04\/KHT_0122_118-scaled.jpg\" \/>\n\t<meta property=\"og:image:width\" content=\"2560\" \/>\n\t<meta property=\"og:image:height\" content=\"843\" \/>\n\t<meta property=\"og:image:type\" content=\"image\/jpeg\" \/>\n<meta name=\"author\" content=\"Melanie Rath\" \/>\n<meta name=\"twitter:card\" content=\"summary_large_image\" \/>\n<meta name=\"twitter:label1\" content=\"Verfasst von\" \/>\n\t<meta name=\"twitter:data1\" content=\"Melanie Rath\" \/>\n\t<meta name=\"twitter:label2\" content=\"Gesch\u00e4tzte Lesezeit\" \/>\n\t<meta name=\"twitter:data2\" content=\"2\u00a0Minuten\" \/>\n<script type=\"application\/ld+json\" class=\"yoast-schema-graph\">{\"@context\":\"https:\/\/schema.org\",\"@graph\":[{\"@type\":\"WebPage\",\"@id\":\"https:\/\/kaufhaus-tyrol.at\/de\/fashion\/fashion-highlights-fuer-den-fruehling\/\",\"url\":\"https:\/\/kaufhaus-tyrol.at\/de\/fashion\/fashion-highlights-fuer-den-fruehling\/\",\"name\":\"Fashion Highlights f\u00fcr den Fr\u00fchling - Kaufhaus Tyrol\",\"isPartOf\":{\"@id\":\"https:\/\/kaufhaus-tyrol.at\/de\/#website\"},\"primaryImageOfPage\":{\"@id\":\"https:\/\/kaufhaus-tyrol.at\/de\/fashion\/fashion-highlights-fuer-den-fruehling\/#primaryimage\"},\"image\":{\"@id\":\"https:\/\/kaufhaus-tyrol.at\/de\/fashion\/fashion-highlights-fuer-den-fruehling\/#primaryimage\"},\"thumbnailUrl\":\"https:\/\/kaufhaus-tyrol.at\/wp-content\/uploads\/2022\/04\/KHT_0122_118-scaled.jpg\",\"datePublished\":\"2022-04-28T07:28:34+00:00\",\"dateModified\":\"2022-04-28T07:32:31+00:00\",\"author\":{\"@id\":\"https:\/\/kaufhaus-tyrol.at\/de\/#\/schema\/person\/32367013f669f5f4e54b19a1b10d8a7d\"},\"breadcrumb\":{\"@id\":\"https:\/\/kaufhaus-tyrol.at\/de\/fashion\/fashion-highlights-fuer-den-fruehling\/#breadcrumb\"},\"inLanguage\":\"de\",\"potentialAction\":[{\"@type\":\"ReadAction\",\"target\":[\"https:\/\/kaufhaus-tyrol.at\/de\/fashion\/fashion-highlights-fuer-den-fruehling\/\"]}]},{\"@type\":\"ImageObject\",\"inLanguage\":\"de\",\"@id\":\"https:\/\/kaufhaus-tyrol.at\/de\/fashion\/fashion-highlights-fuer-den-fruehling\/#primaryimage\",\"url\":\"https:\/\/kaufhaus-tyrol.at\/wp-content\/uploads\/2022\/04\/KHT_0122_118-scaled.jpg\",\"contentUrl\":\"https:\/\/kaufhaus-tyrol.at\/wp-content\/uploads\/2022\/04\/KHT_0122_118-scaled.jpg\",\"width\":2560,\"height\":843,\"caption\":\"Gemischtes Doppel\"},{\"@type\":\"BreadcrumbList\",\"@id\":\"https:\/\/kaufhaus-tyrol.at\/de\/fashion\/fashion-highlights-fuer-den-fruehling\/#breadcrumb\",\"itemListElement\":[{\"@type\":\"ListItem\",\"position\":1,\"name\":\"Home\",\"item\":\"https:\/\/kaufhaus-tyrol.at\/de\/\"},{\"@type\":\"ListItem\",\"position\":2,\"name\":\"Fashion Highlights f\u00fcr den Fr\u00fchling\"}]},{\"@type\":\"WebSite\",\"@id\":\"https:\/\/kaufhaus-tyrol.at\/de\/#website\",\"url\":\"https:\/\/kaufhaus-tyrol.at\/de\/\",\"name\":\"Kaufhaus Tyrol\",\"description\":\"Shopping im Herzen von Innsbruck\",\"potentialAction\":[{\"@type\":\"SearchAction\",\"target\":{\"@type\":\"EntryPoint\",\"urlTemplate\":\"https:\/\/kaufhaus-tyrol.at\/de\/?s={search_term_string}\"},\"query-input\":{\"@type\":\"PropertyValueSpecification\",\"valueRequired\":true,\"valueName\":\"search_term_string\"}}],\"inLanguage\":\"de\"},{\"@type\":\"Person\",\"@id\":\"https:\/\/kaufhaus-tyrol.at\/de\/#\/schema\/person\/32367013f669f5f4e54b19a1b10d8a7d\",\"name\":\"Melanie Rath\",\"image\":{\"@type\":\"ImageObject\",\"inLanguage\":\"de\",\"@id\":\"https:\/\/kaufhaus-tyrol.at\/de\/#\/schema\/person\/image\/\",\"url\":\"https:\/\/secure.gravatar.com\/avatar\/8616faa6fd071f8e5e1aae5767b50aa0?s=96&d=mm&r=g\",\"contentUrl\":\"https:\/\/secure.gravatar.com\/avatar\/8616faa6fd071f8e5e1aae5767b50aa0?s=96&d=mm&r=g\",\"caption\":\"Melanie Rath\"}}]}<\/script>\n<!-- \/ Yoast SEO plugin. -->","yoast_head_json":{"title":"Fashion Highlights f\u00fcr den Fr\u00fchling - Kaufhaus Tyrol","robots":{"index":"index","follow":"follow","max-snippet":"max-snippet:-1","max-image-preview":"max-image-preview:large","max-video-preview":"max-video-preview:-1"},"canonical":"https:\/\/kaufhaus-tyrol.at\/de\/fashion\/fashion-highlights-fuer-den-fruehling\/","og_locale":"de_DE","og_type":"article","og_title":"Fashion Highlights f\u00fcr den Fr\u00fchling - Kaufhaus Tyrol","og_description":"Frisch, verspielt, sportlich und elegant: Die coolsten Fr\u00fchlingslooks aus dem Kaufhaus Tyrol, in Szene gesetzt am Sportinstitut der Universit\u00e4t Innsbruck.","og_url":"https:\/\/kaufhaus-tyrol.at\/de\/fashion\/fashion-highlights-fuer-den-fruehling\/","og_site_name":"Kaufhaus Tyrol","article_publisher":"https:\/\/www.facebook.com\/kaufhaustyrol\/","article_published_time":"2022-04-28T07:28:34+00:00","article_modified_time":"2022-04-28T07:32:31+00:00","og_image":[{"width":2560,"height":843,"url":"https:\/\/kaufhaus-tyrol.at\/wp-content\/uploads\/2022\/04\/KHT_0122_118-scaled.jpg","type":"image\/jpeg"}],"author":"Melanie Rath","twitter_card":"summary_large_image","twitter_misc":{"Verfasst von":"Melanie Rath","Gesch\u00e4tzte Lesezeit":"2\u00a0Minuten"},"schema":{"@context":"https:\/\/schema.org","@graph":[{"@type":"WebPage","@id":"https:\/\/kaufhaus-tyrol.at\/de\/fashion\/fashion-highlights-fuer-den-fruehling\/","url":"https:\/\/kaufhaus-tyrol.at\/de\/fashion\/fashion-highlights-fuer-den-fruehling\/","name":"Fashion Highlights f\u00fcr den Fr\u00fchling - Kaufhaus Tyrol","isPartOf":{"@id":"https:\/\/kaufhaus-tyrol.at\/de\/#website"},"primaryImageOfPage":{"@id":"https:\/\/kaufhaus-tyrol.at\/de\/fashion\/fashion-highlights-fuer-den-fruehling\/#primaryimage"},"image":{"@id":"https:\/\/kaufhaus-tyrol.at\/de\/fashion\/fashion-highlights-fuer-den-fruehling\/#primaryimage"},"thumbnailUrl":"https:\/\/kaufhaus-tyrol.at\/wp-content\/uploads\/2022\/04\/KHT_0122_118-scaled.jpg","datePublished":"2022-04-28T07:28:34+00:00","dateModified":"2022-04-28T07:32:31+00:00","author":{"@id":"https:\/\/kaufhaus-tyrol.at\/de\/#\/schema\/person\/32367013f669f5f4e54b19a1b10d8a7d"},"breadcrumb":{"@id":"https:\/\/kaufhaus-tyrol.at\/de\/fashion\/fashion-highlights-fuer-den-fruehling\/#breadcrumb"},"inLanguage":"de","potentialAction":[{"@type":"ReadAction","target":["https:\/\/kaufhaus-tyrol.at\/de\/fashion\/fashion-highlights-fuer-den-fruehling\/"]}]},{"@type":"ImageObject","inLanguage":"de","@id":"https:\/\/kaufhaus-tyrol.at\/de\/fashion\/fashion-highlights-fuer-den-fruehling\/#primaryimage","url":"https:\/\/kaufhaus-tyrol.at\/wp-content\/uploads\/2022\/04\/KHT_0122_118-scaled.jpg","contentUrl":"https:\/\/kaufhaus-tyrol.at\/wp-content\/uploads\/2022\/04\/KHT_0122_118-scaled.jpg","width":2560,"height":843,"caption":"Gemischtes Doppel"},{"@type":"BreadcrumbList","@id":"https:\/\/kaufhaus-tyrol.at\/de\/fashion\/fashion-highlights-fuer-den-fruehling\/#breadcrumb","itemListElement":[{"@type":"ListItem","position":1,"name":"Home","item":"https:\/\/kaufhaus-tyrol.at\/de\/"},{"@type":"ListItem","position":2,"name":"Fashion Highlights f\u00fcr den Fr\u00fchling"}]},{"@type":"WebSite","@id":"https:\/\/kaufhaus-tyrol.at\/de\/#website","url":"https:\/\/kaufhaus-tyrol.at\/de\/","name":"Kaufhaus Tyrol","description":"Shopping im Herzen von Innsbruck","potentialAction":[{"@type":"SearchAction","target":{"@type":"EntryPoint","urlTemplate":"https:\/\/kaufhaus-tyrol.at\/de\/?s={search_term_string}"},"query-input":{"@type":"PropertyValueSpecification","valueRequired":true,"valueName":"search_term_string"}}],"inLanguage":"de"},{"@type":"Person","@id":"https:\/\/kaufhaus-tyrol.at\/de\/#\/schema\/person\/32367013f669f5f4e54b19a1b10d8a7d","name":"Melanie Rath","image":{"@type":"ImageObject","inLanguage":"de","@id":"https:\/\/kaufhaus-tyrol.at\/de\/#\/schema\/person\/image\/","url":"https:\/\/secure.gravatar.com\/avatar\/8616faa6fd071f8e5e1aae5767b50aa0?s=96&d=mm&r=g","contentUrl":"https:\/\/secure.gravatar.com\/avatar\/8616faa6fd071f8e5e1aae5767b50aa0?s=96&d=mm&r=g","caption":"Melanie Rath"}}]}},"_links":{"self":[{"href":"https:\/\/kaufhaus-tyrol.at\/de\/wp-json\/wp\/v2\/posts\/15787"}],"collection":[{"href":"https:\/\/kaufhaus-tyrol.at\/de\/wp-json\/wp\/v2\/posts"}],"about":[{"href":"https:\/\/kaufhaus-tyrol.at\/de\/wp-json\/wp\/v2\/types\/post"}],"author":[{"embeddable":true,"href":"https:\/\/kaufhaus-tyrol.at\/de\/wp-json\/wp\/v2\/users\/5023"}],"replies":[{"embeddable":true,"href":"https:\/\/kaufhaus-tyrol.at\/de\/wp-json\/wp\/v2\/comments?post=15787"}],"version-history":[{"count":9,"href":"https:\/\/kaufhaus-tyrol.at\/de\/wp-json\/wp\/v2\/posts\/15787\/revisions"}],"predecessor-version":[{"id":15851,"href":"https:\/\/kaufhaus-tyrol.at\/de\/wp-json\/wp\/v2\/posts\/15787\/revisions\/15851"}],"wp:featuredmedia":[{"embeddable":true,"href":"https:\/\/kaufhaus-tyrol.at\/de\/wp-json\/wp\/v2\/media\/15788"}],"wp:attachment":[{"href":"https:\/\/kaufhaus-tyrol.at\/de\/wp-json\/wp\/v2\/media?parent=15787"}],"wp:term":[{"taxonomy":"category","embeddable":true,"href":"https:\/\/kaufhaus-tyrol.at\/de\/wp-json\/wp\/v2\/categories?post=15787"},{"taxonomy":"post_tag","embeddable":true,"href":"https:\/\/kaufhaus-tyrol.at\/de\/wp-json\/wp\/v2\/tags?post=15787"}],"curies":[{"name":"wp","href":"https:\/\/api.w.org\/{rel}","templated":true}]}}