{"id":17065,"date":"2023-03-14T13:18:36","date_gmt":"2023-03-14T12:18:36","guid":{"rendered":"https:\/\/www.kaufhaus-tyrol.at\/?p=17065"},"modified":"2023-03-14T13:22:58","modified_gmt":"2023-03-14T12:22:58","slug":"beauty-highlights-im-fruehling","status":"publish","type":"post","link":"https:\/\/kaufhaus-tyrol.at\/de\/beauty\/beauty-highlights-im-fruehling\/","title":{"rendered":"Beauty-Highlights im Fr\u00fchling"},"content":{"rendered":"<div class=\"wpb-content-wrapper\"><p>[vc_row][vc_column][vc_column_text]<\/p>\n<p style=\"text-align: center;\"><em>&#8222;IT&#8217;s TIME TO GLOW&#8220;<\/em><\/p>\n<p style=\"text-align: center;\">Der Fr\u00fchling kann kommen &#8211; wir haben uns die Beauty-Highlights f\u00fcr 2023 angesehen und gemeinsam mit DM die absoluten Must-haves herausgepickt. Mit diesen Tipps &amp; Tricks holen wir Haut, Haare und N\u00e4gel aus dem Winterschlaf.<\/p>\n<p>[\/vc_column_text][\/vc_column][\/vc_row][vc_row][vc_column][vc_column_text]<\/p>\n<h4 style=\"text-align: center;\"><strong>Nat\u00fcrliche Gesichtsreinigung\u00a0\u00a0<\/strong><\/h4>\n<p>[\/vc_column_text][\/vc_column][\/vc_row][vc_row][vc_column width=&#8220;1\/2&#8243;][vc_column_text]<\/p>\n<p style=\"text-align: center;\"><strong>Gesichtsschaum \/ Gesichtswasser<\/strong><\/p>\n<p style=\"text-align: center;\">Mit einem erfrischenden Gesichtsschaum f\u00fchlt sich der Start in den Tag gleich viel besser an. Die Poren werden gereinigt und die Haut ist bereit f\u00fcr die n\u00e4chsten Make-Up Schritte.<\/p>\n<p>[\/vc_column_text][\/vc_column][vc_column width=&#8220;1\/2&#8243;][vc_column_text]<\/p>\n<p style=\"text-align: center;\"><strong>Gesichtsseife<\/strong><\/p>\n<p style=\"text-align: center;\">Wer Lust hat etwas Neues auszuprobieren kann f\u00fcr die t\u00e4gliche Reinigung der Haut eine feste Seife testen. Ganz einfach und unkompliziert: Seifenschaum in die Haut einmassieren und gr\u00fcndlich abwaschen.<\/p>\n<p>[\/vc_column_text][\/vc_column][\/vc_row][vc_row][vc_column width=&#8220;1\/2&#8243;][vc_single_image image=&#8220;17047&#8243; img_size=&#8220;full&#8220; alignment=&#8220;center&#8220;][\/vc_column][vc_column width=&#8220;1\/2&#8243;][vc_single_image image=&#8220;17044&#8243; img_size=&#8220;full&#8220; alignment=&#8220;center&#8220;][\/vc_column][\/vc_row][vc_row][vc_column][vc_column_text]<\/p>\n<h4 style=\"text-align: center;\">Frische f\u00fcr die Haut<\/h4>\n<p>[\/vc_column_text][\/vc_column][\/vc_row][vc_row][vc_column width=&#8220;1\/2&#8243;][vc_column_text]<\/p>\n<p style=\"text-align: center;\"><strong>Eye Patches<\/strong><\/p>\n<p style=\"text-align: center;\">Wenn eine Sache bei der Make-Up Routine nicht fehlen darf sind es Eye Patches. Am besten davor in den K\u00fchlschrank legen und die empfindliche Haut unter den Augen wird im Handumdrehen aufgeweckt.<\/p>\n<p>[\/vc_column_text][\/vc_column][vc_column width=&#8220;1\/2&#8243;][vc_column_text]<\/p>\n<p style=\"text-align: center;\"><strong>Ampullen f\u00fcrs Gesicht<\/strong><\/p>\n<p style=\"text-align: center;\">Vitamine und Collagen f\u00fcr Haut! Davon kann unsere Haut nicht genug bekommen und deshalb sind Ampullen ein absolutes Must-have f\u00fcr diese Jahreszeit.<\/p>\n<p>[\/vc_column_text][\/vc_column][\/vc_row][vc_row][vc_column width=&#8220;1\/2&#8243;][vc_single_image image=&#8220;17062&#8243; img_size=&#8220;full&#8220; alignment=&#8220;center&#8220;][\/vc_column][vc_column width=&#8220;1\/2&#8243;][vc_single_image image=&#8220;17038&#8243; img_size=&#8220;full&#8220; alignment=&#8220;center&#8220;][\/vc_column][\/vc_row][vc_row][vc_column][vc_column_text]<\/p>\n<h4 style=\"text-align: center;\">Secret Beauty-Hacks<\/h4>\n<p>[\/vc_column_text][\/vc_column][\/vc_row][vc_row][vc_column width=&#8220;1\/2&#8243;][vc_column_text]<\/p>\n<p style=\"text-align: center;\"><strong>Brow Booster Serum\u00a0<\/strong><\/p>\n<p style=\"text-align: center;\">Dieses Brow Booster Serum ist ein kleiner Beauty-Hack der die Augenbrauen wie nach einem Besuch im Kosmetikstudio aussehen l\u00e4sst. Einfach regelm\u00e4\u00dfig auftragen und die Magie passiert von ganz allein.<\/p>\n<p>[\/vc_column_text][\/vc_column][vc_column width=&#8220;1\/2&#8243;][vc_column_text]<\/p>\n<p style=\"text-align: center;\"><strong>Fake Lashes<\/strong><\/p>\n<p style=\"text-align: center;\">Ein kleines Beauty-Secret f\u00fcr alle die nicht gerne stundenlang im Bad stehen. Diese Fake Lashes lassen sich ganz einfach anbringen und verleihen deinem Look das gewisse Extra.<\/p>\n<p>[\/vc_column_text][\/vc_column][\/vc_row][vc_row][vc_column width=&#8220;1\/2&#8243;][vc_single_image image=&#8220;17050&#8243; img_size=&#8220;full&#8220; alignment=&#8220;center&#8220;][\/vc_column][vc_column width=&#8220;1\/2&#8243;][vc_single_image image=&#8220;17053&#8243; img_size=&#8220;full&#8220; alignment=&#8220;center&#8220;][\/vc_column][\/vc_row][vc_row][vc_column][vc_column_text]<\/p>\n<h4 style=\"text-align: center;\">Bunte Farben<\/h4>\n<p style=\"text-align: center;\">Der passende Lidschatten verleiht deinem Make-Up Look den perfekten Touch. Diese frischen und bunten Farben sind dieses Jahr angesagt und lassen sich mit jedem Style kombinieren.<\/p>\n<p>[\/vc_column_text][\/vc_column][\/vc_row][vc_row][vc_column width=&#8220;1\/2&#8243;][vc_single_image image=&#8220;17056&#8243; img_size=&#8220;full&#8220; alignment=&#8220;center&#8220;][\/vc_column][vc_column width=&#8220;1\/2&#8243;][vc_single_image image=&#8220;17059&#8243; img_size=&#8220;full&#8220; alignment=&#8220;center&#8220;][\/vc_column][\/vc_row]<\/p>\n<\/div>","protected":false},"excerpt":{"rendered":"<p>Der Fr\u00fchling kann kommen &#8211; wir haben uns die Beauty-Highlights f\u00fcr 2023 angesehen und gemeinsam mit DM die absoluten Must-haves herausgepickt. Mit diesen Tipps &#038; Tricks holen wir Haut, Haare und N\u00e4gel aus dem Winterschlaf.<\/p>\n","protected":false},"author":5023,"featured_media":17084,"comment_status":"closed","ping_status":"closed","sticky":false,"template":"","format":"standard","meta":{"_acf_changed":false,"inline_featured_image":false,"footnotes":""},"categories":[43],"tags":[],"acf":[],"yoast_head":"<!-- This site is optimized with the Yoast SEO plugin v23.5 - https:\/\/yoast.com\/wordpress\/plugins\/seo\/ -->\n<title>Beauty-Highlights im Fr\u00fchling - Kaufhaus Tyrol<\/title>\n<meta name=\"robots\" content=\"index, follow, max-snippet:-1, max-image-preview:large, max-video-preview:-1\" \/>\n<link rel=\"canonical\" href=\"https:\/\/kaufhaus-tyrol.at\/de\/beauty\/beauty-highlights-im-fruehling\/\" \/>\n<meta property=\"og:locale\" content=\"de_DE\" \/>\n<meta property=\"og:type\" content=\"article\" \/>\n<meta property=\"og:title\" content=\"Beauty-Highlights im Fr\u00fchling - Kaufhaus Tyrol\" \/>\n<meta property=\"og:description\" content=\"Der Fr\u00fchling kann kommen - wir haben uns die Beauty-Highlights f\u00fcr 2023 angesehen und gemeinsam mit DM die absoluten Must-haves herausgepickt. Mit diesen Tipps &amp; Tricks holen wir Haut, Haare und N\u00e4gel aus dem Winterschlaf.\" \/>\n<meta property=\"og:url\" content=\"https:\/\/kaufhaus-tyrol.at\/de\/beauty\/beauty-highlights-im-fruehling\/\" \/>\n<meta property=\"og:site_name\" content=\"Kaufhaus Tyrol\" \/>\n<meta property=\"article:publisher\" content=\"https:\/\/www.facebook.com\/kaufhaustyrol\/\" \/>\n<meta property=\"article:published_time\" content=\"2023-03-14T12:18:36+00:00\" \/>\n<meta property=\"article:modified_time\" content=\"2023-03-14T12:22:58+00:00\" \/>\n<meta property=\"og:image\" content=\"https:\/\/kaufhaus-tyrol.at\/wp-content\/uploads\/2023\/03\/pexels-yan-krukau-7011140-scaled.jpg\" \/>\n\t<meta property=\"og:image:width\" content=\"2560\" \/>\n\t<meta property=\"og:image:height\" content=\"869\" \/>\n\t<meta property=\"og:image:type\" content=\"image\/jpeg\" \/>\n<meta name=\"author\" content=\"Melanie Rath\" \/>\n<meta name=\"twitter:card\" content=\"summary_large_image\" \/>\n<meta name=\"twitter:label1\" content=\"Verfasst von\" \/>\n\t<meta name=\"twitter:data1\" content=\"Melanie Rath\" \/>\n\t<meta name=\"twitter:label2\" content=\"Gesch\u00e4tzte Lesezeit\" \/>\n\t<meta name=\"twitter:data2\" content=\"2\u00a0Minuten\" \/>\n<script type=\"application\/ld+json\" class=\"yoast-schema-graph\">{\"@context\":\"https:\/\/schema.org\",\"@graph\":[{\"@type\":\"WebPage\",\"@id\":\"https:\/\/kaufhaus-tyrol.at\/de\/beauty\/beauty-highlights-im-fruehling\/\",\"url\":\"https:\/\/kaufhaus-tyrol.at\/de\/beauty\/beauty-highlights-im-fruehling\/\",\"name\":\"Beauty-Highlights im Fr\u00fchling - Kaufhaus Tyrol\",\"isPartOf\":{\"@id\":\"https:\/\/kaufhaus-tyrol.at\/de\/#website\"},\"primaryImageOfPage\":{\"@id\":\"https:\/\/kaufhaus-tyrol.at\/de\/beauty\/beauty-highlights-im-fruehling\/#primaryimage\"},\"image\":{\"@id\":\"https:\/\/kaufhaus-tyrol.at\/de\/beauty\/beauty-highlights-im-fruehling\/#primaryimage\"},\"thumbnailUrl\":\"https:\/\/kaufhaus-tyrol.at\/wp-content\/uploads\/2023\/03\/pexels-yan-krukau-7011140-scaled.jpg\",\"datePublished\":\"2023-03-14T12:18:36+00:00\",\"dateModified\":\"2023-03-14T12:22:58+00:00\",\"author\":{\"@id\":\"https:\/\/kaufhaus-tyrol.at\/de\/#\/schema\/person\/32367013f669f5f4e54b19a1b10d8a7d\"},\"breadcrumb\":{\"@id\":\"https:\/\/kaufhaus-tyrol.at\/de\/beauty\/beauty-highlights-im-fruehling\/#breadcrumb\"},\"inLanguage\":\"de\",\"potentialAction\":[{\"@type\":\"ReadAction\",\"target\":[\"https:\/\/kaufhaus-tyrol.at\/de\/beauty\/beauty-highlights-im-fruehling\/\"]}]},{\"@type\":\"ImageObject\",\"inLanguage\":\"de\",\"@id\":\"https:\/\/kaufhaus-tyrol.at\/de\/beauty\/beauty-highlights-im-fruehling\/#primaryimage\",\"url\":\"https:\/\/kaufhaus-tyrol.at\/wp-content\/uploads\/2023\/03\/pexels-yan-krukau-7011140-scaled.jpg\",\"contentUrl\":\"https:\/\/kaufhaus-tyrol.at\/wp-content\/uploads\/2023\/03\/pexels-yan-krukau-7011140-scaled.jpg\",\"width\":2560,\"height\":869,\"caption\":\"Beauty Highlights\"},{\"@type\":\"BreadcrumbList\",\"@id\":\"https:\/\/kaufhaus-tyrol.at\/de\/beauty\/beauty-highlights-im-fruehling\/#breadcrumb\",\"itemListElement\":[{\"@type\":\"ListItem\",\"position\":1,\"name\":\"Home\",\"item\":\"https:\/\/kaufhaus-tyrol.at\/de\/\"},{\"@type\":\"ListItem\",\"position\":2,\"name\":\"Beauty-Highlights im Fr\u00fchling\"}]},{\"@type\":\"WebSite\",\"@id\":\"https:\/\/kaufhaus-tyrol.at\/de\/#website\",\"url\":\"https:\/\/kaufhaus-tyrol.at\/de\/\",\"name\":\"Kaufhaus Tyrol\",\"description\":\"Shopping im Herzen von Innsbruck\",\"potentialAction\":[{\"@type\":\"SearchAction\",\"target\":{\"@type\":\"EntryPoint\",\"urlTemplate\":\"https:\/\/kaufhaus-tyrol.at\/de\/?s={search_term_string}\"},\"query-input\":{\"@type\":\"PropertyValueSpecification\",\"valueRequired\":true,\"valueName\":\"search_term_string\"}}],\"inLanguage\":\"de\"},{\"@type\":\"Person\",\"@id\":\"https:\/\/kaufhaus-tyrol.at\/de\/#\/schema\/person\/32367013f669f5f4e54b19a1b10d8a7d\",\"name\":\"Melanie Rath\",\"image\":{\"@type\":\"ImageObject\",\"inLanguage\":\"de\",\"@id\":\"https:\/\/kaufhaus-tyrol.at\/de\/#\/schema\/person\/image\/\",\"url\":\"https:\/\/secure.gravatar.com\/avatar\/8616faa6fd071f8e5e1aae5767b50aa0?s=96&d=mm&r=g\",\"contentUrl\":\"https:\/\/secure.gravatar.com\/avatar\/8616faa6fd071f8e5e1aae5767b50aa0?s=96&d=mm&r=g\",\"caption\":\"Melanie Rath\"}}]}<\/script>\n<!-- \/ Yoast SEO plugin. -->","yoast_head_json":{"title":"Beauty-Highlights im Fr\u00fchling - Kaufhaus Tyrol","robots":{"index":"index","follow":"follow","max-snippet":"max-snippet:-1","max-image-preview":"max-image-preview:large","max-video-preview":"max-video-preview:-1"},"canonical":"https:\/\/kaufhaus-tyrol.at\/de\/beauty\/beauty-highlights-im-fruehling\/","og_locale":"de_DE","og_type":"article","og_title":"Beauty-Highlights im Fr\u00fchling - Kaufhaus Tyrol","og_description":"Der Fr\u00fchling kann kommen - wir haben uns die Beauty-Highlights f\u00fcr 2023 angesehen und gemeinsam mit DM die absoluten Must-haves herausgepickt. Mit diesen Tipps & Tricks holen wir Haut, Haare und N\u00e4gel aus dem Winterschlaf.","og_url":"https:\/\/kaufhaus-tyrol.at\/de\/beauty\/beauty-highlights-im-fruehling\/","og_site_name":"Kaufhaus Tyrol","article_publisher":"https:\/\/www.facebook.com\/kaufhaustyrol\/","article_published_time":"2023-03-14T12:18:36+00:00","article_modified_time":"2023-03-14T12:22:58+00:00","og_image":[{"width":2560,"height":869,"url":"https:\/\/kaufhaus-tyrol.at\/wp-content\/uploads\/2023\/03\/pexels-yan-krukau-7011140-scaled.jpg","type":"image\/jpeg"}],"author":"Melanie Rath","twitter_card":"summary_large_image","twitter_misc":{"Verfasst von":"Melanie Rath","Gesch\u00e4tzte Lesezeit":"2\u00a0Minuten"},"schema":{"@context":"https:\/\/schema.org","@graph":[{"@type":"WebPage","@id":"https:\/\/kaufhaus-tyrol.at\/de\/beauty\/beauty-highlights-im-fruehling\/","url":"https:\/\/kaufhaus-tyrol.at\/de\/beauty\/beauty-highlights-im-fruehling\/","name":"Beauty-Highlights im Fr\u00fchling - Kaufhaus Tyrol","isPartOf":{"@id":"https:\/\/kaufhaus-tyrol.at\/de\/#website"},"primaryImageOfPage":{"@id":"https:\/\/kaufhaus-tyrol.at\/de\/beauty\/beauty-highlights-im-fruehling\/#primaryimage"},"image":{"@id":"https:\/\/kaufhaus-tyrol.at\/de\/beauty\/beauty-highlights-im-fruehling\/#primaryimage"},"thumbnailUrl":"https:\/\/kaufhaus-tyrol.at\/wp-content\/uploads\/2023\/03\/pexels-yan-krukau-7011140-scaled.jpg","datePublished":"2023-03-14T12:18:36+00:00","dateModified":"2023-03-14T12:22:58+00:00","author":{"@id":"https:\/\/kaufhaus-tyrol.at\/de\/#\/schema\/person\/32367013f669f5f4e54b19a1b10d8a7d"},"breadcrumb":{"@id":"https:\/\/kaufhaus-tyrol.at\/de\/beauty\/beauty-highlights-im-fruehling\/#breadcrumb"},"inLanguage":"de","potentialAction":[{"@type":"ReadAction","target":["https:\/\/kaufhaus-tyrol.at\/de\/beauty\/beauty-highlights-im-fruehling\/"]}]},{"@type":"ImageObject","inLanguage":"de","@id":"https:\/\/kaufhaus-tyrol.at\/de\/beauty\/beauty-highlights-im-fruehling\/#primaryimage","url":"https:\/\/kaufhaus-tyrol.at\/wp-content\/uploads\/2023\/03\/pexels-yan-krukau-7011140-scaled.jpg","contentUrl":"https:\/\/kaufhaus-tyrol.at\/wp-content\/uploads\/2023\/03\/pexels-yan-krukau-7011140-scaled.jpg","width":2560,"height":869,"caption":"Beauty Highlights"},{"@type":"BreadcrumbList","@id":"https:\/\/kaufhaus-tyrol.at\/de\/beauty\/beauty-highlights-im-fruehling\/#breadcrumb","itemListElement":[{"@type":"ListItem","position":1,"name":"Home","item":"https:\/\/kaufhaus-tyrol.at\/de\/"},{"@type":"ListItem","position":2,"name":"Beauty-Highlights im Fr\u00fchling"}]},{"@type":"WebSite","@id":"https:\/\/kaufhaus-tyrol.at\/de\/#website","url":"https:\/\/kaufhaus-tyrol.at\/de\/","name":"Kaufhaus Tyrol","description":"Shopping im Herzen von Innsbruck","potentialAction":[{"@type":"SearchAction","target":{"@type":"EntryPoint","urlTemplate":"https:\/\/kaufhaus-tyrol.at\/de\/?s={search_term_string}"},"query-input":{"@type":"PropertyValueSpecification","valueRequired":true,"valueName":"search_term_string"}}],"inLanguage":"de"},{"@type":"Person","@id":"https:\/\/kaufhaus-tyrol.at\/de\/#\/schema\/person\/32367013f669f5f4e54b19a1b10d8a7d","name":"Melanie Rath","image":{"@type":"ImageObject","inLanguage":"de","@id":"https:\/\/kaufhaus-tyrol.at\/de\/#\/schema\/person\/image\/","url":"https:\/\/secure.gravatar.com\/avatar\/8616faa6fd071f8e5e1aae5767b50aa0?s=96&d=mm&r=g","contentUrl":"https:\/\/secure.gravatar.com\/avatar\/8616faa6fd071f8e5e1aae5767b50aa0?s=96&d=mm&r=g","caption":"Melanie Rath"}}]}},"_links":{"self":[{"href":"https:\/\/kaufhaus-tyrol.at\/de\/wp-json\/wp\/v2\/posts\/17065"}],"collection":[{"href":"https:\/\/kaufhaus-tyrol.at\/de\/wp-json\/wp\/v2\/posts"}],"about":[{"href":"https:\/\/kaufhaus-tyrol.at\/de\/wp-json\/wp\/v2\/types\/post"}],"author":[{"embeddable":true,"href":"https:\/\/kaufhaus-tyrol.at\/de\/wp-json\/wp\/v2\/users\/5023"}],"replies":[{"embeddable":true,"href":"https:\/\/kaufhaus-tyrol.at\/de\/wp-json\/wp\/v2\/comments?post=17065"}],"version-history":[{"count":8,"href":"https:\/\/kaufhaus-tyrol.at\/de\/wp-json\/wp\/v2\/posts\/17065\/revisions"}],"predecessor-version":[{"id":17083,"href":"https:\/\/kaufhaus-tyrol.at\/de\/wp-json\/wp\/v2\/posts\/17065\/revisions\/17083"}],"wp:featuredmedia":[{"embeddable":true,"href":"https:\/\/kaufhaus-tyrol.at\/de\/wp-json\/wp\/v2\/media\/17084"}],"wp:attachment":[{"href":"https:\/\/kaufhaus-tyrol.at\/de\/wp-json\/wp\/v2\/media?parent=17065"}],"wp:term":[{"taxonomy":"category","embeddable":true,"href":"https:\/\/kaufhaus-tyrol.at\/de\/wp-json\/wp\/v2\/categories?post=17065"},{"taxonomy":"post_tag","embeddable":true,"href":"https:\/\/kaufhaus-tyrol.at\/de\/wp-json\/wp\/v2\/tags?post=17065"}],"curies":[{"name":"wp","href":"https:\/\/api.w.org\/{rel}","templated":true}]}}