{"id":19059,"date":"2024-03-11T15:03:05","date_gmt":"2024-03-11T14:03:05","guid":{"rendered":"https:\/\/kaufhaus-tyrol.at\/?p=19059"},"modified":"2024-03-11T15:33:45","modified_gmt":"2024-03-11T14:33:45","slug":"trend-report-fruehling-2024","status":"publish","type":"post","link":"https:\/\/kaufhaus-tyrol.at\/de\/fashion\/trend-report-fruehling-2024\/","title":{"rendered":"Trend-Report-Fr\u00fchling-2024"},"content":{"rendered":"<div class=\"wpb-content-wrapper\"><p>[vc_row][vc_column][vc_column_text]Es ist soweit &#8211; der Fr\u00fchling zieht langsam ins Land ein! Das hei\u00dft auch, dass unsere Garderobe aufgefrischt wird und neue Fr\u00fchlingsteile im Kleiderschrank einziehen k\u00f6nnen. Bevor du loslegst und deinen Kleiderschrank neu bef\u00fcllst, wirf einen Blick in unseren Trend-Report und du bist direkt auf dem neuestem Stand, welche Farben, Stoffe und Pieces dieses Jahr angesagt sind.[\/vc_column_text][vc_empty_space height=&#8220;16px&#8220;][\/vc_column][\/vc_row][vc_row][vc_column][vc_custom_heading text=&#8220;Trendfarben f\u00fcr den Fr\u00fchling&#8220; font_container=&#8220;tag:h2|text_align:center&#8220; use_theme_fonts=&#8220;yes&#8220;][vc_column_text]Diesen Fr\u00fchling wird es bunt und farbenfroh &#8211; es warten frische und lebhafte Farbt\u00f6ne auf euch. Einige der Top-Trendfarben f\u00fcr diesen Fr\u00fchling sind:<\/p>\n<p>Sonnenblumengelb:\u00a0Die leuchtende Farbe bringt sofortige Frische und Freude in jedes Outfit und ist perfekt f\u00fcr sonnige Tage geeignet.<\/p>\n<p>Pastell-Lila: Sanft und feminin verleiht Lila jedem Look eine zarte Note und ist ideal f\u00fcr Pullover, Kleider oder J\u00e4ckchen.<\/p>\n<p>Hellblau:\u00a0Diese Farbe verleiht deinem Look eine kr\u00e4ftige Note und erinnert an einen sch\u00f6nen Fr\u00fchlingstag mit blauen Himmel.[\/vc_column_text][\/vc_column][\/vc_row][vc_row][vc_column width=&#8220;1\/2&#8243;][vc_single_image image=&#8220;19021&#8243; img_size=&#8220;full&#8220;][\/vc_column][vc_column width=&#8220;1\/2&#8243;][vc_single_image image=&#8220;19024&#8243; img_size=&#8220;full&#8220;][\/vc_column][\/vc_row][vc_row][vc_column][vc_custom_heading text=&#8220;Trend-Pieces f\u00fcr den Fr\u00fchling&#8220; font_container=&#8220;tag:h2|text_align:center&#8220; use_theme_fonts=&#8220;yes&#8220;][vc_column_text]Neben den Farbtrends gibt es auch einige Kleidungsst\u00fccke, die deinen Fr\u00fchlings-Look auf ein neues Level bringen.<\/p>\n<p>Midi-R\u00f6cke: Diese R\u00f6cke sind in dieser Saison ein absolutes Must-Have. Die R\u00f6cke sind bequem und lassen sich sehr vielf\u00e4ltig kombinieren. Egal ob mit Sneakern f\u00fcr einen l\u00e4ssigen Look oder mit Abs\u00e4tzen f\u00fcr ein elegantes Outfit.<\/p>\n<p>Print-Elemente:\u00a0Herzen, Blumen, Muster,&#8230; diesen Fr\u00fchling kann man all-in mit s\u00e4mtlichen Prints gehen. Und auch mit knalligen Farbkombinationen stylen.[\/vc_column_text][\/vc_column][\/vc_row][vc_row][vc_column width=&#8220;1\/2&#8243;][vc_single_image image=&#8220;19029&#8243; img_size=&#8220;full&#8220;][\/vc_column][vc_column width=&#8220;1\/2&#8243;][vc_single_image image=&#8220;19032&#8243; img_size=&#8220;full&#8220;][\/vc_column][\/vc_row][vc_row][vc_column][vc_custom_heading text=&#8220;Must-Haves f\u00fcr deine Fr\u00fchlingsgarderobe&#8220; font_container=&#8220;tag:h2|text_align:center&#8220; use_theme_fonts=&#8220;yes&#8220;][vc_column_text]Und last but not least, hier sind die absoluten Must-Haves, die in keiner Fr\u00fchlingsgarderobe fehlen d\u00fcrfen:<\/p>\n<p>Wei\u00dfe Basic Sneaker: Vielseitig und zeitlos sind wei\u00dfe Sneaker ein unverzichtbares Element f\u00fcr jeden Fr\u00fchlings-Look. Sie passen zu jedem Outfit, von Jeans bis Kleidern, und verleihen jedem Look eine l\u00e4ssige Note.<\/p>\n<p>Leichte Strickpullover:\u00a0Perfekt geeignet f\u00fcr k\u00fchle Fr\u00fchlingsabende, sind leichte Strickpullover. Pastellfarben und neutrale T\u00f6ne erg\u00e4nzen deinen Look.<\/p>\n<p>Statement Sonnenbrille: Mit einer auff\u00e4lligen Sonnenbrille kannst du deinem Outfit den letzten Schliff verleihen.[\/vc_column_text][\/vc_column][\/vc_row][vc_row][vc_column width=&#8220;1\/2&#8243;][vc_single_image image=&#8220;19036&#8243; img_size=&#8220;full&#8220;][\/vc_column][vc_column width=&#8220;1\/2&#8243;][vc_single_image image=&#8220;19039&#8243; img_size=&#8220;full&#8220;][\/vc_column][\/vc_row][vc_row][vc_column][vc_column_text]Mit diesen Looks bist du bestens f\u00fcr einen modischen Fr\u00fchling ausgestattet. Entdeckt die tollen Kleidungsst\u00fccke in unseren Stores und viel Spa\u00df bei der Shoppingtour![\/vc_column_text][\/vc_column][\/vc_row]<\/p>\n<\/div>","protected":false},"excerpt":{"rendered":"<p>Der Valentinstag steht vor der T\u00fcr, und nichts sagt &#8222;Liebe&#8220; so elegant wie ein roter Lippenstift und der dazu passenden Look! Wir haben in Zusammenarbeit mit COS drei atemberaubende Red Lipstick Looks zusammengestellt, die perfekt zu verschiedenen Anl\u00e4ssen passen.<\/p>\n","protected":false},"author":5023,"featured_media":19042,"comment_status":"closed","ping_status":"closed","sticky":false,"template":"","format":"standard","meta":{"_acf_changed":false,"inline_featured_image":false,"footnotes":""},"categories":[4],"tags":[],"acf":[],"yoast_head":"<!-- This site is optimized with the Yoast SEO plugin v23.5 - https:\/\/yoast.com\/wordpress\/plugins\/seo\/ -->\n<title>Trend-Report-Fr\u00fchling-2024 - Kaufhaus Tyrol<\/title>\n<meta name=\"robots\" content=\"index, follow, max-snippet:-1, max-image-preview:large, max-video-preview:-1\" \/>\n<link rel=\"canonical\" href=\"https:\/\/kaufhaus-tyrol.at\/de\/fashion\/trend-report-fruehling-2024\/\" \/>\n<meta property=\"og:locale\" content=\"de_DE\" \/>\n<meta property=\"og:type\" content=\"article\" \/>\n<meta property=\"og:title\" content=\"Trend-Report-Fr\u00fchling-2024 - Kaufhaus Tyrol\" \/>\n<meta property=\"og:description\" content=\"Der Valentinstag steht vor der T\u00fcr, und nichts sagt &quot;Liebe&quot; so elegant wie ein roter Lippenstift und der dazu passenden Look! Wir haben in Zusammenarbeit mit COS drei atemberaubende Red Lipstick Looks zusammengestellt, die perfekt zu verschiedenen Anl\u00e4ssen passen.\" \/>\n<meta property=\"og:url\" content=\"https:\/\/kaufhaus-tyrol.at\/de\/fashion\/trend-report-fruehling-2024\/\" \/>\n<meta property=\"og:site_name\" content=\"Kaufhaus Tyrol\" \/>\n<meta property=\"article:publisher\" content=\"https:\/\/www.facebook.com\/kaufhaustyrol\/\" \/>\n<meta property=\"article:published_time\" content=\"2024-03-11T14:03:05+00:00\" \/>\n<meta property=\"article:modified_time\" content=\"2024-03-11T14:33:45+00:00\" \/>\n<meta property=\"og:image\" content=\"https:\/\/kaufhaus-tyrol.at\/wp-content\/uploads\/2024\/03\/10.png\" \/>\n\t<meta property=\"og:image:width\" content=\"3188\" \/>\n\t<meta property=\"og:image:height\" content=\"1063\" \/>\n\t<meta property=\"og:image:type\" content=\"image\/png\" \/>\n<meta name=\"author\" content=\"Melanie Rath\" \/>\n<meta name=\"twitter:card\" content=\"summary_large_image\" \/>\n<meta name=\"twitter:label1\" content=\"Verfasst von\" \/>\n\t<meta name=\"twitter:data1\" content=\"Melanie Rath\" \/>\n\t<meta name=\"twitter:label2\" content=\"Gesch\u00e4tzte Lesezeit\" \/>\n\t<meta name=\"twitter:data2\" content=\"3\u00a0Minuten\" \/>\n<script type=\"application\/ld+json\" class=\"yoast-schema-graph\">{\"@context\":\"https:\/\/schema.org\",\"@graph\":[{\"@type\":\"WebPage\",\"@id\":\"https:\/\/kaufhaus-tyrol.at\/de\/fashion\/trend-report-fruehling-2024\/\",\"url\":\"https:\/\/kaufhaus-tyrol.at\/de\/fashion\/trend-report-fruehling-2024\/\",\"name\":\"Trend-Report-Fr\u00fchling-2024 - Kaufhaus Tyrol\",\"isPartOf\":{\"@id\":\"https:\/\/kaufhaus-tyrol.at\/de\/#website\"},\"primaryImageOfPage\":{\"@id\":\"https:\/\/kaufhaus-tyrol.at\/de\/fashion\/trend-report-fruehling-2024\/#primaryimage\"},\"image\":{\"@id\":\"https:\/\/kaufhaus-tyrol.at\/de\/fashion\/trend-report-fruehling-2024\/#primaryimage\"},\"thumbnailUrl\":\"https:\/\/kaufhaus-tyrol.at\/wp-content\/uploads\/2024\/03\/10.png\",\"datePublished\":\"2024-03-11T14:03:05+00:00\",\"dateModified\":\"2024-03-11T14:33:45+00:00\",\"author\":{\"@id\":\"https:\/\/kaufhaus-tyrol.at\/de\/#\/schema\/person\/32367013f669f5f4e54b19a1b10d8a7d\"},\"breadcrumb\":{\"@id\":\"https:\/\/kaufhaus-tyrol.at\/de\/fashion\/trend-report-fruehling-2024\/#breadcrumb\"},\"inLanguage\":\"de\",\"potentialAction\":[{\"@type\":\"ReadAction\",\"target\":[\"https:\/\/kaufhaus-tyrol.at\/de\/fashion\/trend-report-fruehling-2024\/\"]}]},{\"@type\":\"ImageObject\",\"inLanguage\":\"de\",\"@id\":\"https:\/\/kaufhaus-tyrol.at\/de\/fashion\/trend-report-fruehling-2024\/#primaryimage\",\"url\":\"https:\/\/kaufhaus-tyrol.at\/wp-content\/uploads\/2024\/03\/10.png\",\"contentUrl\":\"https:\/\/kaufhaus-tyrol.at\/wp-content\/uploads\/2024\/03\/10.png\",\"width\":3188,\"height\":1063,\"caption\":\"Blogbeitrag Fruehling Trends\"},{\"@type\":\"BreadcrumbList\",\"@id\":\"https:\/\/kaufhaus-tyrol.at\/de\/fashion\/trend-report-fruehling-2024\/#breadcrumb\",\"itemListElement\":[{\"@type\":\"ListItem\",\"position\":1,\"name\":\"Home\",\"item\":\"https:\/\/kaufhaus-tyrol.at\/de\/\"},{\"@type\":\"ListItem\",\"position\":2,\"name\":\"Trend-Report-Fr\u00fchling-2024\"}]},{\"@type\":\"WebSite\",\"@id\":\"https:\/\/kaufhaus-tyrol.at\/de\/#website\",\"url\":\"https:\/\/kaufhaus-tyrol.at\/de\/\",\"name\":\"Kaufhaus Tyrol\",\"description\":\"Shopping im Herzen von Innsbruck\",\"potentialAction\":[{\"@type\":\"SearchAction\",\"target\":{\"@type\":\"EntryPoint\",\"urlTemplate\":\"https:\/\/kaufhaus-tyrol.at\/de\/?s={search_term_string}\"},\"query-input\":{\"@type\":\"PropertyValueSpecification\",\"valueRequired\":true,\"valueName\":\"search_term_string\"}}],\"inLanguage\":\"de\"},{\"@type\":\"Person\",\"@id\":\"https:\/\/kaufhaus-tyrol.at\/de\/#\/schema\/person\/32367013f669f5f4e54b19a1b10d8a7d\",\"name\":\"Melanie Rath\",\"image\":{\"@type\":\"ImageObject\",\"inLanguage\":\"de\",\"@id\":\"https:\/\/kaufhaus-tyrol.at\/de\/#\/schema\/person\/image\/\",\"url\":\"https:\/\/secure.gravatar.com\/avatar\/8616faa6fd071f8e5e1aae5767b50aa0?s=96&d=mm&r=g\",\"contentUrl\":\"https:\/\/secure.gravatar.com\/avatar\/8616faa6fd071f8e5e1aae5767b50aa0?s=96&d=mm&r=g\",\"caption\":\"Melanie Rath\"}}]}<\/script>\n<!-- \/ Yoast SEO plugin. -->","yoast_head_json":{"title":"Trend-Report-Fr\u00fchling-2024 - Kaufhaus Tyrol","robots":{"index":"index","follow":"follow","max-snippet":"max-snippet:-1","max-image-preview":"max-image-preview:large","max-video-preview":"max-video-preview:-1"},"canonical":"https:\/\/kaufhaus-tyrol.at\/de\/fashion\/trend-report-fruehling-2024\/","og_locale":"de_DE","og_type":"article","og_title":"Trend-Report-Fr\u00fchling-2024 - Kaufhaus Tyrol","og_description":"Der Valentinstag steht vor der T\u00fcr, und nichts sagt \"Liebe\" so elegant wie ein roter Lippenstift und der dazu passenden Look! Wir haben in Zusammenarbeit mit COS drei atemberaubende Red Lipstick Looks zusammengestellt, die perfekt zu verschiedenen Anl\u00e4ssen passen.","og_url":"https:\/\/kaufhaus-tyrol.at\/de\/fashion\/trend-report-fruehling-2024\/","og_site_name":"Kaufhaus Tyrol","article_publisher":"https:\/\/www.facebook.com\/kaufhaustyrol\/","article_published_time":"2024-03-11T14:03:05+00:00","article_modified_time":"2024-03-11T14:33:45+00:00","og_image":[{"width":3188,"height":1063,"url":"https:\/\/kaufhaus-tyrol.at\/wp-content\/uploads\/2024\/03\/10.png","type":"image\/png"}],"author":"Melanie Rath","twitter_card":"summary_large_image","twitter_misc":{"Verfasst von":"Melanie Rath","Gesch\u00e4tzte Lesezeit":"3\u00a0Minuten"},"schema":{"@context":"https:\/\/schema.org","@graph":[{"@type":"WebPage","@id":"https:\/\/kaufhaus-tyrol.at\/de\/fashion\/trend-report-fruehling-2024\/","url":"https:\/\/kaufhaus-tyrol.at\/de\/fashion\/trend-report-fruehling-2024\/","name":"Trend-Report-Fr\u00fchling-2024 - Kaufhaus Tyrol","isPartOf":{"@id":"https:\/\/kaufhaus-tyrol.at\/de\/#website"},"primaryImageOfPage":{"@id":"https:\/\/kaufhaus-tyrol.at\/de\/fashion\/trend-report-fruehling-2024\/#primaryimage"},"image":{"@id":"https:\/\/kaufhaus-tyrol.at\/de\/fashion\/trend-report-fruehling-2024\/#primaryimage"},"thumbnailUrl":"https:\/\/kaufhaus-tyrol.at\/wp-content\/uploads\/2024\/03\/10.png","datePublished":"2024-03-11T14:03:05+00:00","dateModified":"2024-03-11T14:33:45+00:00","author":{"@id":"https:\/\/kaufhaus-tyrol.at\/de\/#\/schema\/person\/32367013f669f5f4e54b19a1b10d8a7d"},"breadcrumb":{"@id":"https:\/\/kaufhaus-tyrol.at\/de\/fashion\/trend-report-fruehling-2024\/#breadcrumb"},"inLanguage":"de","potentialAction":[{"@type":"ReadAction","target":["https:\/\/kaufhaus-tyrol.at\/de\/fashion\/trend-report-fruehling-2024\/"]}]},{"@type":"ImageObject","inLanguage":"de","@id":"https:\/\/kaufhaus-tyrol.at\/de\/fashion\/trend-report-fruehling-2024\/#primaryimage","url":"https:\/\/kaufhaus-tyrol.at\/wp-content\/uploads\/2024\/03\/10.png","contentUrl":"https:\/\/kaufhaus-tyrol.at\/wp-content\/uploads\/2024\/03\/10.png","width":3188,"height":1063,"caption":"Blogbeitrag Fruehling Trends"},{"@type":"BreadcrumbList","@id":"https:\/\/kaufhaus-tyrol.at\/de\/fashion\/trend-report-fruehling-2024\/#breadcrumb","itemListElement":[{"@type":"ListItem","position":1,"name":"Home","item":"https:\/\/kaufhaus-tyrol.at\/de\/"},{"@type":"ListItem","position":2,"name":"Trend-Report-Fr\u00fchling-2024"}]},{"@type":"WebSite","@id":"https:\/\/kaufhaus-tyrol.at\/de\/#website","url":"https:\/\/kaufhaus-tyrol.at\/de\/","name":"Kaufhaus Tyrol","description":"Shopping im Herzen von Innsbruck","potentialAction":[{"@type":"SearchAction","target":{"@type":"EntryPoint","urlTemplate":"https:\/\/kaufhaus-tyrol.at\/de\/?s={search_term_string}"},"query-input":{"@type":"PropertyValueSpecification","valueRequired":true,"valueName":"search_term_string"}}],"inLanguage":"de"},{"@type":"Person","@id":"https:\/\/kaufhaus-tyrol.at\/de\/#\/schema\/person\/32367013f669f5f4e54b19a1b10d8a7d","name":"Melanie Rath","image":{"@type":"ImageObject","inLanguage":"de","@id":"https:\/\/kaufhaus-tyrol.at\/de\/#\/schema\/person\/image\/","url":"https:\/\/secure.gravatar.com\/avatar\/8616faa6fd071f8e5e1aae5767b50aa0?s=96&d=mm&r=g","contentUrl":"https:\/\/secure.gravatar.com\/avatar\/8616faa6fd071f8e5e1aae5767b50aa0?s=96&d=mm&r=g","caption":"Melanie Rath"}}]}},"_links":{"self":[{"href":"https:\/\/kaufhaus-tyrol.at\/de\/wp-json\/wp\/v2\/posts\/19059"}],"collection":[{"href":"https:\/\/kaufhaus-tyrol.at\/de\/wp-json\/wp\/v2\/posts"}],"about":[{"href":"https:\/\/kaufhaus-tyrol.at\/de\/wp-json\/wp\/v2\/types\/post"}],"author":[{"embeddable":true,"href":"https:\/\/kaufhaus-tyrol.at\/de\/wp-json\/wp\/v2\/users\/5023"}],"replies":[{"embeddable":true,"href":"https:\/\/kaufhaus-tyrol.at\/de\/wp-json\/wp\/v2\/comments?post=19059"}],"version-history":[{"count":5,"href":"https:\/\/kaufhaus-tyrol.at\/de\/wp-json\/wp\/v2\/posts\/19059\/revisions"}],"predecessor-version":[{"id":19065,"href":"https:\/\/kaufhaus-tyrol.at\/de\/wp-json\/wp\/v2\/posts\/19059\/revisions\/19065"}],"wp:featuredmedia":[{"embeddable":true,"href":"https:\/\/kaufhaus-tyrol.at\/de\/wp-json\/wp\/v2\/media\/19042"}],"wp:attachment":[{"href":"https:\/\/kaufhaus-tyrol.at\/de\/wp-json\/wp\/v2\/media?parent=19059"}],"wp:term":[{"taxonomy":"category","embeddable":true,"href":"https:\/\/kaufhaus-tyrol.at\/de\/wp-json\/wp\/v2\/categories?post=19059"},{"taxonomy":"post_tag","embeddable":true,"href":"https:\/\/kaufhaus-tyrol.at\/de\/wp-json\/wp\/v2\/tags?post=19059"}],"curies":[{"name":"wp","href":"https:\/\/api.w.org\/{rel}","templated":true}]}}