{"id":19240,"date":"2024-04-11T11:39:15","date_gmt":"2024-04-11T09:39:15","guid":{"rendered":"https:\/\/kaufhaus-tyrol.at\/?p=19240"},"modified":"2024-04-11T11:41:43","modified_gmt":"2024-04-11T09:41:43","slug":"schmuck-trends-fuer-den-fruehling","status":"publish","type":"post","link":"https:\/\/kaufhaus-tyrol.at\/de\/fashion\/schmuck-trends-fuer-den-fruehling\/","title":{"rendered":"Schmuck Trends f\u00fcr den Fr\u00fchling"},"content":{"rendered":"<div class=\"wpb-content-wrapper\"><p>[vc_row][vc_column][vc_column_text]<\/p>\n<p style=\"text-align: center;\">Der Fr\u00fchling steht vor der T\u00fcr und mit ihm erwacht nicht nur die Natur zu neuem Leben, sondern auch unsere Lust, uns mit funkelnden Accessoires zu schm\u00fccken. Schmuck ist mehr als nur ein modisches Statement &#8211; er zeigt unsere Pers\u00f6nlichkeit und Individualit\u00e4t.<\/p>\n<p style=\"text-align: center;\">Wir haben gemeinsam mit <a href=\"https:\/\/kaufhaus-tyrol.at\/de\/shops\/jurtschitsch-juwelier\/\">Jurtschitsch Juwelier<\/a> die angesagtesten Schmuckst\u00fccke f\u00fcr den Fr\u00fchling herausgesucht, mit Fokus auf Ringe und Armb\u00e4nder. <a href=\"https:\/\/kaufhaus-tyrol.at\/de\/shops\/jurtschitsch-juwelier\/\">Jurtschitsch Juwelier<\/a> befindet sich im Kaufhaus Tyrol im 2. Obergeschoss und steht euch beratend immer gern zur Verf\u00fcgung.<\/p>\n<p>[\/vc_column_text][\/vc_column][\/vc_row][vc_row][vc_column][vc_custom_heading text=&#8220;Entdecke deine neuen Lieblings-Ringe von Jurtschitsch&#8220; font_container=&#8220;tag:h2|text_align:center&#8220; use_theme_fonts=&#8220;yes&#8220;][vc_column_text]<\/p>\n<p style=\"text-align: center;\">Ringe sind zeitlose Accessoires, die jedem Outfit den letzte Schliff verleihen. In dieser Fr\u00fchjahrssaison sind wir vor allem nat\u00fcrliche Elemente und zarte Designs im Trend. Bei Jurtschitsch findet man eine gro\u00dfe Auswahl an unterschiedlichen Ringen, in unterschiedlichen Farben. Von filigranen Motiven bis zu gr\u00f6\u00dferen Steinen &#8211; hier ist f\u00fcr jeden Geschmack etwas dabei. Besonders beliebt ist auch eine Kombination aus mehreren Ringen, die ihr euch im Store ganz leicht zusammenstellen lassen k\u00f6nnt.<\/p>\n<p>[\/vc_column_text][\/vc_column][\/vc_row][vc_row][vc_column width=&#8220;1\/2&#8243;][vc_single_image image=&#8220;19256&#8243; img_size=&#8220;full&#8220;][\/vc_column][vc_column width=&#8220;1\/2&#8243;][vc_single_image image=&#8220;19247&#8243; img_size=&#8220;full&#8220;][\/vc_column][\/vc_row][vc_row][vc_column][vc_custom_heading text=&#8220;Entdecke deine neuen Lieblings-Armb\u00e4nder von Jurtschitsch&#8220; font_container=&#8220;tag:h2|text_align:center&#8220; use_theme_fonts=&#8220;yes&#8220;][vc_column_text]<\/p>\n<p style=\"text-align: center;\">In dieser Saison sind auff\u00e4llige Armb\u00e4nder im Layering-Look besonders angesagt. Die Armb\u00e4nder von Coeur de Lion eignen sich perfekt f\u00fcr diesen Trend. Es gibt die Armb\u00e4nder in unterschiedlichen Farben mit unterschiedlichen Steinen &#8211; ganz viele individuelle Ausf\u00fchrungen.<\/p>\n<p>[\/vc_column_text][\/vc_column][\/vc_row][vc_row][vc_column width=&#8220;1\/2&#8243;][vc_single_image image=&#8220;19250&#8243; img_size=&#8220;full&#8220;][\/vc_column][vc_column width=&#8220;1\/2&#8243;][vc_single_image image=&#8220;19253&#8243; img_size=&#8220;full&#8220;][\/vc_column][\/vc_row][vc_row][vc_column][vc_column_text]<\/p>\n<p style=\"text-align: center;\">Der Fr\u00fchling ist die perfekte Zeit, um mit funkelnden Schmuckst\u00fccken zu experimentieren und den eigenen pers\u00f6nlichen Stil zu entdecken. Das Jurtschitsch Team ist die richtige Adresse, wenn es um die Beratung des eigenen Schmuckstils geht oder auch wenn ihr f\u00fcr einen Lieblingsmenschen ein Geschenk sucht.<\/p>\n<p>[\/vc_column_text][\/vc_column][\/vc_row][vc_row][vc_column][vc_column_text]<\/p>\n<p style=\"text-align: center;\">Dieser Look von <a href=\"https:\/\/kaufhaus-tyrol.at\/de\/?post_type=shops&#038;p=10202\">Denim Tom Tailor<\/a> l\u00e4sst sich perfekt mit den Schmuckst\u00fccken von <a href=\"https:\/\/kaufhaus-tyrol.at\/de\/shops\/jurtschitsch-juwelier\/\">Jurtschitsch Juwelier<\/a> kombinieren. Die Ballet Flats findet ihr bei<a href=\"https:\/\/kaufhaus-tyrol.at\/de\/shops\/tamaris\/\"> Tamaris<\/a>. Diesen Fr\u00fchlings-Look wollten wir euch nicht vorenthalten!<\/p>\n<p>[\/vc_column_text][\/vc_column][\/vc_row][vc_row][vc_column width=&#8220;1\/3&#8243;][vc_single_image image=&#8220;19262&#8243; img_size=&#8220;full&#8220;][\/vc_column][vc_column width=&#8220;1\/3&#8243;][vc_single_image image=&#8220;19265&#8243; img_size=&#8220;full&#8220;][\/vc_column][vc_column width=&#8220;1\/3&#8243;][vc_single_image image=&#8220;19268&#8243; img_size=&#8220;full&#8220;][\/vc_column][\/vc_row]<\/p>\n<\/div>","protected":false},"excerpt":{"rendered":"<p>Der Fr\u00fchling steht vor der T\u00fcr und mit ihm erwacht nicht nur die Natur zu neuem Leben, sondern auch unsere Lust, uns mit funkelnden Accessoires zu schm\u00fccken. Schmuck ist mehr als nur ein modisches Statement &#8211; er zeigt unsere Pers\u00f6nlichkeit und Individualit\u00e4t.<\/p>\n","protected":false},"author":5023,"featured_media":19241,"comment_status":"closed","ping_status":"closed","sticky":false,"template":"","format":"standard","meta":{"_acf_changed":false,"inline_featured_image":false,"footnotes":""},"categories":[4],"tags":[],"acf":[],"yoast_head":"<!-- This site is optimized with the Yoast SEO plugin v23.5 - https:\/\/yoast.com\/wordpress\/plugins\/seo\/ -->\n<title>Schmuck Trends f\u00fcr den Fr\u00fchling - Kaufhaus Tyrol<\/title>\n<meta name=\"robots\" content=\"index, follow, max-snippet:-1, max-image-preview:large, max-video-preview:-1\" \/>\n<link rel=\"canonical\" href=\"https:\/\/kaufhaus-tyrol.at\/de\/fashion\/schmuck-trends-fuer-den-fruehling\/\" \/>\n<meta property=\"og:locale\" content=\"de_DE\" \/>\n<meta property=\"og:type\" content=\"article\" \/>\n<meta property=\"og:title\" content=\"Schmuck Trends f\u00fcr den Fr\u00fchling - Kaufhaus Tyrol\" \/>\n<meta property=\"og:description\" content=\"Der Fr\u00fchling steht vor der T\u00fcr und mit ihm erwacht nicht nur die Natur zu neuem Leben, sondern auch unsere Lust, uns mit funkelnden Accessoires zu schm\u00fccken. Schmuck ist mehr als nur ein modisches Statement - er zeigt unsere Pers\u00f6nlichkeit und Individualit\u00e4t.\" \/>\n<meta property=\"og:url\" content=\"https:\/\/kaufhaus-tyrol.at\/de\/fashion\/schmuck-trends-fuer-den-fruehling\/\" \/>\n<meta property=\"og:site_name\" content=\"Kaufhaus Tyrol\" \/>\n<meta property=\"article:publisher\" content=\"https:\/\/www.facebook.com\/kaufhaustyrol\/\" \/>\n<meta property=\"article:published_time\" content=\"2024-04-11T09:39:15+00:00\" \/>\n<meta property=\"article:modified_time\" content=\"2024-04-11T09:41:43+00:00\" \/>\n<meta property=\"og:image\" content=\"https:\/\/kaufhaus-tyrol.at\/wp-content\/uploads\/2024\/04\/Aesthetic-Twitter-Header-1.png\" \/>\n\t<meta property=\"og:image:width\" content=\"3188\" \/>\n\t<meta property=\"og:image:height\" content=\"1063\" \/>\n\t<meta property=\"og:image:type\" content=\"image\/png\" \/>\n<meta name=\"author\" content=\"Melanie Rath\" \/>\n<meta name=\"twitter:card\" content=\"summary_large_image\" \/>\n<meta name=\"twitter:label1\" content=\"Verfasst von\" \/>\n\t<meta name=\"twitter:data1\" content=\"Melanie Rath\" \/>\n\t<meta name=\"twitter:label2\" content=\"Gesch\u00e4tzte Lesezeit\" \/>\n\t<meta name=\"twitter:data2\" content=\"2\u00a0Minuten\" \/>\n<script type=\"application\/ld+json\" class=\"yoast-schema-graph\">{\"@context\":\"https:\/\/schema.org\",\"@graph\":[{\"@type\":\"WebPage\",\"@id\":\"https:\/\/kaufhaus-tyrol.at\/de\/fashion\/schmuck-trends-fuer-den-fruehling\/\",\"url\":\"https:\/\/kaufhaus-tyrol.at\/de\/fashion\/schmuck-trends-fuer-den-fruehling\/\",\"name\":\"Schmuck Trends f\u00fcr den Fr\u00fchling - Kaufhaus Tyrol\",\"isPartOf\":{\"@id\":\"https:\/\/kaufhaus-tyrol.at\/de\/#website\"},\"primaryImageOfPage\":{\"@id\":\"https:\/\/kaufhaus-tyrol.at\/de\/fashion\/schmuck-trends-fuer-den-fruehling\/#primaryimage\"},\"image\":{\"@id\":\"https:\/\/kaufhaus-tyrol.at\/de\/fashion\/schmuck-trends-fuer-den-fruehling\/#primaryimage\"},\"thumbnailUrl\":\"https:\/\/kaufhaus-tyrol.at\/wp-content\/uploads\/2024\/04\/Aesthetic-Twitter-Header-1.png\",\"datePublished\":\"2024-04-11T09:39:15+00:00\",\"dateModified\":\"2024-04-11T09:41:43+00:00\",\"author\":{\"@id\":\"https:\/\/kaufhaus-tyrol.at\/de\/#\/schema\/person\/32367013f669f5f4e54b19a1b10d8a7d\"},\"breadcrumb\":{\"@id\":\"https:\/\/kaufhaus-tyrol.at\/de\/fashion\/schmuck-trends-fuer-den-fruehling\/#breadcrumb\"},\"inLanguage\":\"de\",\"potentialAction\":[{\"@type\":\"ReadAction\",\"target\":[\"https:\/\/kaufhaus-tyrol.at\/de\/fashion\/schmuck-trends-fuer-den-fruehling\/\"]}]},{\"@type\":\"ImageObject\",\"inLanguage\":\"de\",\"@id\":\"https:\/\/kaufhaus-tyrol.at\/de\/fashion\/schmuck-trends-fuer-den-fruehling\/#primaryimage\",\"url\":\"https:\/\/kaufhaus-tyrol.at\/wp-content\/uploads\/2024\/04\/Aesthetic-Twitter-Header-1.png\",\"contentUrl\":\"https:\/\/kaufhaus-tyrol.at\/wp-content\/uploads\/2024\/04\/Aesthetic-Twitter-Header-1.png\",\"width\":3188,\"height\":1063,\"caption\":\"Schmuck Trends\"},{\"@type\":\"BreadcrumbList\",\"@id\":\"https:\/\/kaufhaus-tyrol.at\/de\/fashion\/schmuck-trends-fuer-den-fruehling\/#breadcrumb\",\"itemListElement\":[{\"@type\":\"ListItem\",\"position\":1,\"name\":\"Home\",\"item\":\"https:\/\/kaufhaus-tyrol.at\/de\/\"},{\"@type\":\"ListItem\",\"position\":2,\"name\":\"Schmuck Trends f\u00fcr den Fr\u00fchling\"}]},{\"@type\":\"WebSite\",\"@id\":\"https:\/\/kaufhaus-tyrol.at\/de\/#website\",\"url\":\"https:\/\/kaufhaus-tyrol.at\/de\/\",\"name\":\"Kaufhaus Tyrol\",\"description\":\"Shopping im Herzen von Innsbruck\",\"potentialAction\":[{\"@type\":\"SearchAction\",\"target\":{\"@type\":\"EntryPoint\",\"urlTemplate\":\"https:\/\/kaufhaus-tyrol.at\/de\/?s={search_term_string}\"},\"query-input\":{\"@type\":\"PropertyValueSpecification\",\"valueRequired\":true,\"valueName\":\"search_term_string\"}}],\"inLanguage\":\"de\"},{\"@type\":\"Person\",\"@id\":\"https:\/\/kaufhaus-tyrol.at\/de\/#\/schema\/person\/32367013f669f5f4e54b19a1b10d8a7d\",\"name\":\"Melanie Rath\",\"image\":{\"@type\":\"ImageObject\",\"inLanguage\":\"de\",\"@id\":\"https:\/\/kaufhaus-tyrol.at\/de\/#\/schema\/person\/image\/\",\"url\":\"https:\/\/secure.gravatar.com\/avatar\/8616faa6fd071f8e5e1aae5767b50aa0?s=96&d=mm&r=g\",\"contentUrl\":\"https:\/\/secure.gravatar.com\/avatar\/8616faa6fd071f8e5e1aae5767b50aa0?s=96&d=mm&r=g\",\"caption\":\"Melanie Rath\"}}]}<\/script>\n<!-- \/ Yoast SEO plugin. -->","yoast_head_json":{"title":"Schmuck Trends f\u00fcr den Fr\u00fchling - Kaufhaus Tyrol","robots":{"index":"index","follow":"follow","max-snippet":"max-snippet:-1","max-image-preview":"max-image-preview:large","max-video-preview":"max-video-preview:-1"},"canonical":"https:\/\/kaufhaus-tyrol.at\/de\/fashion\/schmuck-trends-fuer-den-fruehling\/","og_locale":"de_DE","og_type":"article","og_title":"Schmuck Trends f\u00fcr den Fr\u00fchling - Kaufhaus Tyrol","og_description":"Der Fr\u00fchling steht vor der T\u00fcr und mit ihm erwacht nicht nur die Natur zu neuem Leben, sondern auch unsere Lust, uns mit funkelnden Accessoires zu schm\u00fccken. Schmuck ist mehr als nur ein modisches Statement - er zeigt unsere Pers\u00f6nlichkeit und Individualit\u00e4t.","og_url":"https:\/\/kaufhaus-tyrol.at\/de\/fashion\/schmuck-trends-fuer-den-fruehling\/","og_site_name":"Kaufhaus Tyrol","article_publisher":"https:\/\/www.facebook.com\/kaufhaustyrol\/","article_published_time":"2024-04-11T09:39:15+00:00","article_modified_time":"2024-04-11T09:41:43+00:00","og_image":[{"width":3188,"height":1063,"url":"https:\/\/kaufhaus-tyrol.at\/wp-content\/uploads\/2024\/04\/Aesthetic-Twitter-Header-1.png","type":"image\/png"}],"author":"Melanie Rath","twitter_card":"summary_large_image","twitter_misc":{"Verfasst von":"Melanie Rath","Gesch\u00e4tzte Lesezeit":"2\u00a0Minuten"},"schema":{"@context":"https:\/\/schema.org","@graph":[{"@type":"WebPage","@id":"https:\/\/kaufhaus-tyrol.at\/de\/fashion\/schmuck-trends-fuer-den-fruehling\/","url":"https:\/\/kaufhaus-tyrol.at\/de\/fashion\/schmuck-trends-fuer-den-fruehling\/","name":"Schmuck Trends f\u00fcr den Fr\u00fchling - Kaufhaus Tyrol","isPartOf":{"@id":"https:\/\/kaufhaus-tyrol.at\/de\/#website"},"primaryImageOfPage":{"@id":"https:\/\/kaufhaus-tyrol.at\/de\/fashion\/schmuck-trends-fuer-den-fruehling\/#primaryimage"},"image":{"@id":"https:\/\/kaufhaus-tyrol.at\/de\/fashion\/schmuck-trends-fuer-den-fruehling\/#primaryimage"},"thumbnailUrl":"https:\/\/kaufhaus-tyrol.at\/wp-content\/uploads\/2024\/04\/Aesthetic-Twitter-Header-1.png","datePublished":"2024-04-11T09:39:15+00:00","dateModified":"2024-04-11T09:41:43+00:00","author":{"@id":"https:\/\/kaufhaus-tyrol.at\/de\/#\/schema\/person\/32367013f669f5f4e54b19a1b10d8a7d"},"breadcrumb":{"@id":"https:\/\/kaufhaus-tyrol.at\/de\/fashion\/schmuck-trends-fuer-den-fruehling\/#breadcrumb"},"inLanguage":"de","potentialAction":[{"@type":"ReadAction","target":["https:\/\/kaufhaus-tyrol.at\/de\/fashion\/schmuck-trends-fuer-den-fruehling\/"]}]},{"@type":"ImageObject","inLanguage":"de","@id":"https:\/\/kaufhaus-tyrol.at\/de\/fashion\/schmuck-trends-fuer-den-fruehling\/#primaryimage","url":"https:\/\/kaufhaus-tyrol.at\/wp-content\/uploads\/2024\/04\/Aesthetic-Twitter-Header-1.png","contentUrl":"https:\/\/kaufhaus-tyrol.at\/wp-content\/uploads\/2024\/04\/Aesthetic-Twitter-Header-1.png","width":3188,"height":1063,"caption":"Schmuck Trends"},{"@type":"BreadcrumbList","@id":"https:\/\/kaufhaus-tyrol.at\/de\/fashion\/schmuck-trends-fuer-den-fruehling\/#breadcrumb","itemListElement":[{"@type":"ListItem","position":1,"name":"Home","item":"https:\/\/kaufhaus-tyrol.at\/de\/"},{"@type":"ListItem","position":2,"name":"Schmuck Trends f\u00fcr den Fr\u00fchling"}]},{"@type":"WebSite","@id":"https:\/\/kaufhaus-tyrol.at\/de\/#website","url":"https:\/\/kaufhaus-tyrol.at\/de\/","name":"Kaufhaus Tyrol","description":"Shopping im Herzen von Innsbruck","potentialAction":[{"@type":"SearchAction","target":{"@type":"EntryPoint","urlTemplate":"https:\/\/kaufhaus-tyrol.at\/de\/?s={search_term_string}"},"query-input":{"@type":"PropertyValueSpecification","valueRequired":true,"valueName":"search_term_string"}}],"inLanguage":"de"},{"@type":"Person","@id":"https:\/\/kaufhaus-tyrol.at\/de\/#\/schema\/person\/32367013f669f5f4e54b19a1b10d8a7d","name":"Melanie Rath","image":{"@type":"ImageObject","inLanguage":"de","@id":"https:\/\/kaufhaus-tyrol.at\/de\/#\/schema\/person\/image\/","url":"https:\/\/secure.gravatar.com\/avatar\/8616faa6fd071f8e5e1aae5767b50aa0?s=96&d=mm&r=g","contentUrl":"https:\/\/secure.gravatar.com\/avatar\/8616faa6fd071f8e5e1aae5767b50aa0?s=96&d=mm&r=g","caption":"Melanie Rath"}}]}},"_links":{"self":[{"href":"https:\/\/kaufhaus-tyrol.at\/de\/wp-json\/wp\/v2\/posts\/19240"}],"collection":[{"href":"https:\/\/kaufhaus-tyrol.at\/de\/wp-json\/wp\/v2\/posts"}],"about":[{"href":"https:\/\/kaufhaus-tyrol.at\/de\/wp-json\/wp\/v2\/types\/post"}],"author":[{"embeddable":true,"href":"https:\/\/kaufhaus-tyrol.at\/de\/wp-json\/wp\/v2\/users\/5023"}],"replies":[{"embeddable":true,"href":"https:\/\/kaufhaus-tyrol.at\/de\/wp-json\/wp\/v2\/comments?post=19240"}],"version-history":[{"count":5,"href":"https:\/\/kaufhaus-tyrol.at\/de\/wp-json\/wp\/v2\/posts\/19240\/revisions"}],"predecessor-version":[{"id":19273,"href":"https:\/\/kaufhaus-tyrol.at\/de\/wp-json\/wp\/v2\/posts\/19240\/revisions\/19273"}],"wp:featuredmedia":[{"embeddable":true,"href":"https:\/\/kaufhaus-tyrol.at\/de\/wp-json\/wp\/v2\/media\/19241"}],"wp:attachment":[{"href":"https:\/\/kaufhaus-tyrol.at\/de\/wp-json\/wp\/v2\/media?parent=19240"}],"wp:term":[{"taxonomy":"category","embeddable":true,"href":"https:\/\/kaufhaus-tyrol.at\/de\/wp-json\/wp\/v2\/categories?post=19240"},{"taxonomy":"post_tag","embeddable":true,"href":"https:\/\/kaufhaus-tyrol.at\/de\/wp-json\/wp\/v2\/tags?post=19240"}],"curies":[{"name":"wp","href":"https:\/\/api.w.org\/{rel}","templated":true}]}}