{"id":19512,"date":"2024-05-14T10:52:31","date_gmt":"2024-05-14T08:52:31","guid":{"rendered":"https:\/\/kaufhaus-tyrol.at\/?p=19512"},"modified":"2024-05-14T11:03:17","modified_gmt":"2024-05-14T09:03:17","slug":"cheese-cakes-im-glas","status":"publish","type":"post","link":"https:\/\/kaufhaus-tyrol.at\/de\/kulinarik\/cheese-cakes-im-glas\/","title":{"rendered":"Cheese Cakes im Glas"},"content":{"rendered":"<div class=\"wpb-content-wrapper\"><p>[vc_row][vc_column][vc_column_text]<\/p>\n<p style=\"text-align: center;\">Mit den w\u00e4rmeren Temperaturen und den lang ersehnten Gartenparties in Sicht ist es Zeit, sich auf eine k\u00f6stliche, erfrischende Leckerei vorzubereiten, die perfekt zu diesen sommerlichen Anl\u00e4ssen passt. Und was k\u00f6nnte besser passen als ein k\u00f6stlicher Cheesecake im Glas?<\/p>\n<p style=\"text-align: center;\">Diese kleine, cremige K\u00f6stlichkeit ist nicht nur einfach zuzubereiten, sondern auch \u00e4u\u00dferst vielseitig und ideal f\u00fcr Picknicks im Park, Grillabende im Garten oder einfach nur zum Genie\u00dfen unter der Sonne.<\/p>\n<p style=\"text-align: center;\">Also schnapp dir ein paar Gl\u00e4ser, deine Lieblingszutaten und lass uns gemeinsam diesen unwiderstehlichen Cheesecake im Glas kreieren, der deine Sommerfeierlichkeiten auf das n\u00e4chste Level hebt!<\/p>\n<p>[\/vc_column_text][\/vc_column][\/vc_row][vc_row][vc_column][vc_custom_heading text=&#8220;ZUTATEN&#8220; font_container=&#8220;tag:h2|text_align:center&#8220; use_theme_fonts=&#8220;yes&#8220;][\/vc_column][\/vc_row][vc_row][vc_column width=&#8220;1\/2&#8243;][vc_column_text]<\/p>\n<ul>\n<li>10-15 Kekse, fein zerbr\u00f6selt (Butterkekse)<\/li>\n<li>60g Butter, geschmolzen<\/li>\n<li>200g Frischk\u00e4se<\/li>\n<li>75g Staubzucker<\/li>\n<li>1\/2 Zitrone \/ Saft<\/li>\n<\/ul>\n<p>[\/vc_column_text][\/vc_column][vc_column width=&#8220;1\/2&#8243;][vc_column_text]<\/p>\n<ul>\n<li>200ml Sahne, geschlagen<\/li>\n<li>200g Erdbeeren, geviertelt<\/li>\n<li>2 EL Erdbeermarmelade<\/li>\n<li>Minze als Topping<\/li>\n<\/ul>\n<p>[\/vc_column_text][\/vc_column][\/vc_row][vc_row][vc_column][vc_custom_heading text=&#8220;ZUBEREITUNG&#8220; font_container=&#8220;tag:h2|text_align:center&#8220; use_theme_fonts=&#8220;yes&#8220;][vc_column_text]<\/p>\n<ol>\n<li>Keksbr\u00f6sel und Butter in einer Sch\u00fcssel mischen. Gleichm\u00e4\u00dfig auf 6 kleine oder 4 mittelgro\u00dfe Gl\u00e4ser verteilen und fest andr\u00fccken. In den K\u00fchlschrank stellen.<\/li>\n<li>Frischk\u00e4se in eine gro\u00dfe Sch\u00fcssel geben und Zucker, Zitronensaft untermengen, bis eine glatte Creme entsteht. Sanft die geschlagene Sahne unterheben.<\/li>\n<li>F\u00fcllung vorsichtig auf die Keks-b\u00f6den l\u00f6ffeln, 2 bis 3 Stunden im K\u00fchlschrank k\u00fchlen.<\/li>\n<li>Erdbeeren und Marmelade in einer Sch\u00fcssel mischen, auf die Cheesecakes verteilen und mit gehackter Minze garnieren. K\u00fchlen oder direkt servieren.<\/li>\n<\/ol>\n<p>[\/vc_column_text][\/vc_column][\/vc_row][vc_row][vc_column width=&#8220;1\/2&#8243;][vc_single_image image=&#8220;19521&#8243; img_size=&#8220;full&#8220;][\/vc_column][vc_column width=&#8220;1\/2&#8243;][vc_single_image image=&#8220;19518&#8243; img_size=&#8220;full&#8220;][\/vc_column][\/vc_row][vc_row][vc_column][vc_column_text]<\/p>\n<p style=\"text-align: center;\">Neben unserem Cheesecake im Glas Rezept bietet das <a href=\"https:\/\/kaufhaus-tyrol.at\/de\/kht-magazin\/\"><strong>Kaufhaus Tyrol Magazin<\/strong><\/a> eine F\u00fclle weiterer Sch\u00e4tze f\u00fcr dich. Entdecke weitere k\u00f6stliche Rezepte, sowie Tipps f\u00fcr die perfekte Dekoration, die jede Gartenparty in ein unvergessliches Ereignis verwandeln. F\u00fcr die Modebegeisterten unter euch pr\u00e4sentieren wir die hei\u00dfesten Fashion-Highlights f\u00fcr den Sommer, damit du strahlst, egal wo du hingehst. Und f\u00fcr die kleinen Entdecker und Technikliebhaber haben wir spannende Kinder- und Technik-Highlights zusammengestellt.<\/p>\n<p>[\/vc_column_text][\/vc_column][\/vc_row]<\/p>\n<\/div>","protected":false},"excerpt":{"rendered":"<p>Diese kleine, cremige K\u00f6stlichkeit ist nicht nur einfach zuzubereiten, sondern auch \u00e4u\u00dferst vielseitig und ideal f\u00fcr Picknicks im Park, Grillabende im Garten oder einfach nur zum Genie\u00dfen unter der Sonne.<\/p>\n","protected":false},"author":5023,"featured_media":19513,"comment_status":"closed","ping_status":"closed","sticky":false,"template":"","format":"standard","meta":{"_acf_changed":false,"inline_featured_image":false,"footnotes":""},"categories":[48],"tags":[],"acf":[],"yoast_head":"<!-- This site is optimized with the Yoast SEO plugin v23.5 - https:\/\/yoast.com\/wordpress\/plugins\/seo\/ -->\n<title>Cheese Cakes im Glas - Kaufhaus Tyrol<\/title>\n<meta name=\"robots\" content=\"index, follow, max-snippet:-1, max-image-preview:large, max-video-preview:-1\" \/>\n<link rel=\"canonical\" href=\"https:\/\/kaufhaus-tyrol.at\/de\/kulinarik\/cheese-cakes-im-glas\/\" \/>\n<meta property=\"og:locale\" content=\"de_DE\" \/>\n<meta property=\"og:type\" content=\"article\" \/>\n<meta property=\"og:title\" content=\"Cheese Cakes im Glas - Kaufhaus Tyrol\" \/>\n<meta property=\"og:description\" content=\"Diese kleine, cremige K\u00f6stlichkeit ist nicht nur einfach zuzubereiten, sondern auch \u00e4u\u00dferst vielseitig und ideal f\u00fcr Picknicks im Park, Grillabende im Garten oder einfach nur zum Genie\u00dfen unter der Sonne.\" \/>\n<meta property=\"og:url\" content=\"https:\/\/kaufhaus-tyrol.at\/de\/kulinarik\/cheese-cakes-im-glas\/\" \/>\n<meta property=\"og:site_name\" content=\"Kaufhaus Tyrol\" \/>\n<meta property=\"article:publisher\" content=\"https:\/\/www.facebook.com\/kaufhaustyrol\/\" \/>\n<meta property=\"article:published_time\" content=\"2024-05-14T08:52:31+00:00\" \/>\n<meta property=\"article:modified_time\" content=\"2024-05-14T09:03:17+00:00\" \/>\n<meta property=\"og:image\" content=\"https:\/\/kaufhaus-tyrol.at\/wp-content\/uploads\/2024\/05\/Aesthetic-Twitter-Header-11.png\" \/>\n\t<meta property=\"og:image:width\" content=\"1688\" \/>\n\t<meta property=\"og:image:height\" content=\"563\" \/>\n\t<meta property=\"og:image:type\" content=\"image\/png\" \/>\n<meta name=\"author\" content=\"Melanie Rath\" \/>\n<meta name=\"twitter:card\" content=\"summary_large_image\" \/>\n<meta name=\"twitter:label1\" content=\"Verfasst von\" \/>\n\t<meta name=\"twitter:data1\" content=\"Melanie Rath\" \/>\n\t<meta name=\"twitter:label2\" content=\"Gesch\u00e4tzte Lesezeit\" \/>\n\t<meta name=\"twitter:data2\" content=\"2\u00a0Minuten\" \/>\n<script type=\"application\/ld+json\" class=\"yoast-schema-graph\">{\"@context\":\"https:\/\/schema.org\",\"@graph\":[{\"@type\":\"WebPage\",\"@id\":\"https:\/\/kaufhaus-tyrol.at\/de\/kulinarik\/cheese-cakes-im-glas\/\",\"url\":\"https:\/\/kaufhaus-tyrol.at\/de\/kulinarik\/cheese-cakes-im-glas\/\",\"name\":\"Cheese Cakes im Glas - Kaufhaus Tyrol\",\"isPartOf\":{\"@id\":\"https:\/\/kaufhaus-tyrol.at\/de\/#website\"},\"primaryImageOfPage\":{\"@id\":\"https:\/\/kaufhaus-tyrol.at\/de\/kulinarik\/cheese-cakes-im-glas\/#primaryimage\"},\"image\":{\"@id\":\"https:\/\/kaufhaus-tyrol.at\/de\/kulinarik\/cheese-cakes-im-glas\/#primaryimage\"},\"thumbnailUrl\":\"https:\/\/kaufhaus-tyrol.at\/wp-content\/uploads\/2024\/05\/Aesthetic-Twitter-Header-11.png\",\"datePublished\":\"2024-05-14T08:52:31+00:00\",\"dateModified\":\"2024-05-14T09:03:17+00:00\",\"author\":{\"@id\":\"https:\/\/kaufhaus-tyrol.at\/de\/#\/schema\/person\/32367013f669f5f4e54b19a1b10d8a7d\"},\"breadcrumb\":{\"@id\":\"https:\/\/kaufhaus-tyrol.at\/de\/kulinarik\/cheese-cakes-im-glas\/#breadcrumb\"},\"inLanguage\":\"de\",\"potentialAction\":[{\"@type\":\"ReadAction\",\"target\":[\"https:\/\/kaufhaus-tyrol.at\/de\/kulinarik\/cheese-cakes-im-glas\/\"]}]},{\"@type\":\"ImageObject\",\"inLanguage\":\"de\",\"@id\":\"https:\/\/kaufhaus-tyrol.at\/de\/kulinarik\/cheese-cakes-im-glas\/#primaryimage\",\"url\":\"https:\/\/kaufhaus-tyrol.at\/wp-content\/uploads\/2024\/05\/Aesthetic-Twitter-Header-11.png\",\"contentUrl\":\"https:\/\/kaufhaus-tyrol.at\/wp-content\/uploads\/2024\/05\/Aesthetic-Twitter-Header-11.png\",\"width\":1688,\"height\":563,\"caption\":\"Cheese Cakes im Glas\"},{\"@type\":\"BreadcrumbList\",\"@id\":\"https:\/\/kaufhaus-tyrol.at\/de\/kulinarik\/cheese-cakes-im-glas\/#breadcrumb\",\"itemListElement\":[{\"@type\":\"ListItem\",\"position\":1,\"name\":\"Home\",\"item\":\"https:\/\/kaufhaus-tyrol.at\/de\/\"},{\"@type\":\"ListItem\",\"position\":2,\"name\":\"Cheese Cakes im Glas\"}]},{\"@type\":\"WebSite\",\"@id\":\"https:\/\/kaufhaus-tyrol.at\/de\/#website\",\"url\":\"https:\/\/kaufhaus-tyrol.at\/de\/\",\"name\":\"Kaufhaus Tyrol\",\"description\":\"Shopping im Herzen von Innsbruck\",\"potentialAction\":[{\"@type\":\"SearchAction\",\"target\":{\"@type\":\"EntryPoint\",\"urlTemplate\":\"https:\/\/kaufhaus-tyrol.at\/de\/?s={search_term_string}\"},\"query-input\":{\"@type\":\"PropertyValueSpecification\",\"valueRequired\":true,\"valueName\":\"search_term_string\"}}],\"inLanguage\":\"de\"},{\"@type\":\"Person\",\"@id\":\"https:\/\/kaufhaus-tyrol.at\/de\/#\/schema\/person\/32367013f669f5f4e54b19a1b10d8a7d\",\"name\":\"Melanie Rath\",\"image\":{\"@type\":\"ImageObject\",\"inLanguage\":\"de\",\"@id\":\"https:\/\/kaufhaus-tyrol.at\/de\/#\/schema\/person\/image\/\",\"url\":\"https:\/\/secure.gravatar.com\/avatar\/8616faa6fd071f8e5e1aae5767b50aa0?s=96&d=mm&r=g\",\"contentUrl\":\"https:\/\/secure.gravatar.com\/avatar\/8616faa6fd071f8e5e1aae5767b50aa0?s=96&d=mm&r=g\",\"caption\":\"Melanie Rath\"}}]}<\/script>\n<!-- \/ Yoast SEO plugin. -->","yoast_head_json":{"title":"Cheese Cakes im Glas - Kaufhaus Tyrol","robots":{"index":"index","follow":"follow","max-snippet":"max-snippet:-1","max-image-preview":"max-image-preview:large","max-video-preview":"max-video-preview:-1"},"canonical":"https:\/\/kaufhaus-tyrol.at\/de\/kulinarik\/cheese-cakes-im-glas\/","og_locale":"de_DE","og_type":"article","og_title":"Cheese Cakes im Glas - Kaufhaus Tyrol","og_description":"Diese kleine, cremige K\u00f6stlichkeit ist nicht nur einfach zuzubereiten, sondern auch \u00e4u\u00dferst vielseitig und ideal f\u00fcr Picknicks im Park, Grillabende im Garten oder einfach nur zum Genie\u00dfen unter der Sonne.","og_url":"https:\/\/kaufhaus-tyrol.at\/de\/kulinarik\/cheese-cakes-im-glas\/","og_site_name":"Kaufhaus Tyrol","article_publisher":"https:\/\/www.facebook.com\/kaufhaustyrol\/","article_published_time":"2024-05-14T08:52:31+00:00","article_modified_time":"2024-05-14T09:03:17+00:00","og_image":[{"width":1688,"height":563,"url":"https:\/\/kaufhaus-tyrol.at\/wp-content\/uploads\/2024\/05\/Aesthetic-Twitter-Header-11.png","type":"image\/png"}],"author":"Melanie Rath","twitter_card":"summary_large_image","twitter_misc":{"Verfasst von":"Melanie Rath","Gesch\u00e4tzte Lesezeit":"2\u00a0Minuten"},"schema":{"@context":"https:\/\/schema.org","@graph":[{"@type":"WebPage","@id":"https:\/\/kaufhaus-tyrol.at\/de\/kulinarik\/cheese-cakes-im-glas\/","url":"https:\/\/kaufhaus-tyrol.at\/de\/kulinarik\/cheese-cakes-im-glas\/","name":"Cheese Cakes im Glas - Kaufhaus Tyrol","isPartOf":{"@id":"https:\/\/kaufhaus-tyrol.at\/de\/#website"},"primaryImageOfPage":{"@id":"https:\/\/kaufhaus-tyrol.at\/de\/kulinarik\/cheese-cakes-im-glas\/#primaryimage"},"image":{"@id":"https:\/\/kaufhaus-tyrol.at\/de\/kulinarik\/cheese-cakes-im-glas\/#primaryimage"},"thumbnailUrl":"https:\/\/kaufhaus-tyrol.at\/wp-content\/uploads\/2024\/05\/Aesthetic-Twitter-Header-11.png","datePublished":"2024-05-14T08:52:31+00:00","dateModified":"2024-05-14T09:03:17+00:00","author":{"@id":"https:\/\/kaufhaus-tyrol.at\/de\/#\/schema\/person\/32367013f669f5f4e54b19a1b10d8a7d"},"breadcrumb":{"@id":"https:\/\/kaufhaus-tyrol.at\/de\/kulinarik\/cheese-cakes-im-glas\/#breadcrumb"},"inLanguage":"de","potentialAction":[{"@type":"ReadAction","target":["https:\/\/kaufhaus-tyrol.at\/de\/kulinarik\/cheese-cakes-im-glas\/"]}]},{"@type":"ImageObject","inLanguage":"de","@id":"https:\/\/kaufhaus-tyrol.at\/de\/kulinarik\/cheese-cakes-im-glas\/#primaryimage","url":"https:\/\/kaufhaus-tyrol.at\/wp-content\/uploads\/2024\/05\/Aesthetic-Twitter-Header-11.png","contentUrl":"https:\/\/kaufhaus-tyrol.at\/wp-content\/uploads\/2024\/05\/Aesthetic-Twitter-Header-11.png","width":1688,"height":563,"caption":"Cheese Cakes im Glas"},{"@type":"BreadcrumbList","@id":"https:\/\/kaufhaus-tyrol.at\/de\/kulinarik\/cheese-cakes-im-glas\/#breadcrumb","itemListElement":[{"@type":"ListItem","position":1,"name":"Home","item":"https:\/\/kaufhaus-tyrol.at\/de\/"},{"@type":"ListItem","position":2,"name":"Cheese Cakes im Glas"}]},{"@type":"WebSite","@id":"https:\/\/kaufhaus-tyrol.at\/de\/#website","url":"https:\/\/kaufhaus-tyrol.at\/de\/","name":"Kaufhaus Tyrol","description":"Shopping im Herzen von Innsbruck","potentialAction":[{"@type":"SearchAction","target":{"@type":"EntryPoint","urlTemplate":"https:\/\/kaufhaus-tyrol.at\/de\/?s={search_term_string}"},"query-input":{"@type":"PropertyValueSpecification","valueRequired":true,"valueName":"search_term_string"}}],"inLanguage":"de"},{"@type":"Person","@id":"https:\/\/kaufhaus-tyrol.at\/de\/#\/schema\/person\/32367013f669f5f4e54b19a1b10d8a7d","name":"Melanie Rath","image":{"@type":"ImageObject","inLanguage":"de","@id":"https:\/\/kaufhaus-tyrol.at\/de\/#\/schema\/person\/image\/","url":"https:\/\/secure.gravatar.com\/avatar\/8616faa6fd071f8e5e1aae5767b50aa0?s=96&d=mm&r=g","contentUrl":"https:\/\/secure.gravatar.com\/avatar\/8616faa6fd071f8e5e1aae5767b50aa0?s=96&d=mm&r=g","caption":"Melanie Rath"}}]}},"_links":{"self":[{"href":"https:\/\/kaufhaus-tyrol.at\/de\/wp-json\/wp\/v2\/posts\/19512"}],"collection":[{"href":"https:\/\/kaufhaus-tyrol.at\/de\/wp-json\/wp\/v2\/posts"}],"about":[{"href":"https:\/\/kaufhaus-tyrol.at\/de\/wp-json\/wp\/v2\/types\/post"}],"author":[{"embeddable":true,"href":"https:\/\/kaufhaus-tyrol.at\/de\/wp-json\/wp\/v2\/users\/5023"}],"replies":[{"embeddable":true,"href":"https:\/\/kaufhaus-tyrol.at\/de\/wp-json\/wp\/v2\/comments?post=19512"}],"version-history":[{"count":5,"href":"https:\/\/kaufhaus-tyrol.at\/de\/wp-json\/wp\/v2\/posts\/19512\/revisions"}],"predecessor-version":[{"id":19526,"href":"https:\/\/kaufhaus-tyrol.at\/de\/wp-json\/wp\/v2\/posts\/19512\/revisions\/19526"}],"wp:featuredmedia":[{"embeddable":true,"href":"https:\/\/kaufhaus-tyrol.at\/de\/wp-json\/wp\/v2\/media\/19513"}],"wp:attachment":[{"href":"https:\/\/kaufhaus-tyrol.at\/de\/wp-json\/wp\/v2\/media?parent=19512"}],"wp:term":[{"taxonomy":"category","embeddable":true,"href":"https:\/\/kaufhaus-tyrol.at\/de\/wp-json\/wp\/v2\/categories?post=19512"},{"taxonomy":"post_tag","embeddable":true,"href":"https:\/\/kaufhaus-tyrol.at\/de\/wp-json\/wp\/v2\/tags?post=19512"}],"curies":[{"name":"wp","href":"https:\/\/api.w.org\/{rel}","templated":true}]}}