{"id":20929,"date":"2025-05-20T10:48:58","date_gmt":"2025-05-20T08:48:58","guid":{"rendered":"https:\/\/kaufhaus-tyrol.at\/?p=20929"},"modified":"2025-05-20T10:51:21","modified_gmt":"2025-05-20T08:51:21","slug":"dein-weekly-outfit-plan-inspiration-fuer-jeden-tag","status":"publish","type":"post","link":"https:\/\/kaufhaus-tyrol.at\/de\/fashion\/dein-weekly-outfit-plan-inspiration-fuer-jeden-tag\/","title":{"rendered":"Dein Weekly Outfit Plan: Inspiration f\u00fcr jeden Tag"},"content":{"rendered":"<div class=\"wpb-content-wrapper\"><p>[vc_row][vc_column][vc_column_text]<\/p>\n<p style=\"text-align: center;\">Brauchst du frischen Wind in deinem Kleiderschrank? Dann kommt hier dein perfekter Wochenplan mit Outfits f\u00fcr jeden Tag. Egal ob Office, Freizeit oder Wochenende \u2013 diese sechs Looks von <a href=\"https:\/\/kaufhaus-tyrol.at\/de\/shops\/kastner-oehler\/\">Kastner &amp; \u00d6hler<\/a> helfen dir, jeden Tag mit Stil zu starten.<\/p>\n<p>[\/vc_column_text][\/vc_column][\/vc_row][vc_row][vc_column][vc_custom_heading text=&#8220;Montag \u2013 Office Girl Look&#8220; font_container=&#8220;tag:h2|text_align:center&#8220; use_theme_fonts=&#8220;yes&#8220;][vc_column_text]<\/p>\n<p style=\"text-align: center;\">Starte deine Woche selbstbewusst und stilvoll mit dem klassischen Office Girl Look. Eine wei\u00dfe Bluse unter einem schwarzen \u00e4rmellosen Kleid kombiniert mit einer roten Krawatte bringt Seriosit\u00e4t und modisches Feingef\u00fchl ins B\u00fcro. Abgerundet wird der Look mit einer eleganten schwarzen Handtasche und klassischen Mary Janes \u2013 perfekt, um montags gleich Eindruck zu machen.<\/p>\n<p>[\/vc_column_text][\/vc_column][\/vc_row][vc_row][vc_column width=&#8220;1\/2&#8243;][vc_single_image image=&#8220;20935&#8243; img_size=&#8220;full&#8220;][\/vc_column][vc_column width=&#8220;1\/2&#8243;][vc_single_image image=&#8220;20938&#8243; img_size=&#8220;full&#8220;][\/vc_column][\/vc_row][vc_row][vc_column][vc_custom_heading text=&#8220;Dienstag \u2013 Early Bird Sporty Look&#8220; font_container=&#8220;tag:h2|text_align:center&#8220; use_theme_fonts=&#8220;yes&#8220;][vc_column_text]<\/p>\n<p style=\"text-align: center;\">Sportlich und funktional beginnt dein Dienstag. Mit einem bequemen Sweatshirt in Olivgr\u00fcn, wei\u00dfen Shorts und stylischen Sneakern bist du bereit f\u00fcr den Tag \u2013 ob Yoga-Session oder Coffee-to-go. Der hellgr\u00fcne Yogamatten-Tr\u00e4ger ist nicht nur praktisch, sondern setzt auch ein stylisches Statement. Dazu eine Cap \u2013 fertig ist der frische, aktive Look!<\/p>\n<p>[\/vc_column_text][\/vc_column][\/vc_row][vc_row][vc_column width=&#8220;1\/2&#8243;][vc_single_image image=&#8220;20941&#8243; img_size=&#8220;full&#8220;][\/vc_column][vc_column width=&#8220;1\/2&#8243;][vc_single_image image=&#8220;20944&#8243; img_size=&#8220;full&#8220;][\/vc_column][\/vc_row][vc_row][vc_column][vc_custom_heading text=&#8220;Mittwoch \u2013 After Work Look&#8220; font_container=&#8220;tag:h2|text_align:center&#8220; use_theme_fonts=&#8220;yes&#8220;][vc_column_text]<\/p>\n<p style=\"text-align: center;\">Zur Wochenmitte darf es etwas mehr Glamour sein. Ein elegantes Outfit mit Leopardenblazer und schwarzer Palazzohose sorgt f\u00fcr einen nahtlosen \u00dcbergang vom B\u00fcro zum Dinner mit Freund:innen. Die passenden Animal-Print-Heels und eine hochwertige schwarze Tasche runden diesen Look perfekt ab \u2013 classy und wild zugleich.<\/p>\n<p>[\/vc_column_text][\/vc_column][\/vc_row][vc_row][vc_column width=&#8220;1\/2&#8243;][vc_single_image image=&#8220;20947&#8243; img_size=&#8220;full&#8220;][\/vc_column][vc_column width=&#8220;1\/2&#8243;][vc_single_image image=&#8220;20952&#8243; img_size=&#8220;full&#8220;][\/vc_column][\/vc_row][vc_row][vc_column][vc_custom_heading text=&#8220;Donnerstag \u2013 Colour Blocking Look&#8220; font_container=&#8220;tag:h2|text_align:center&#8220; use_theme_fonts=&#8220;yes&#8220;][vc_column_text]<\/p>\n<p style=\"text-align: center;\">Am Donnerstag wird es bunt: Gr\u00fcne Stoffhose kombiniert mit einem rosa J\u00e4ckchen. Der Bucket Hat mit Blumenmuster und die bunten Sneaker runden den Look perfekt ab.<\/p>\n<p>[\/vc_column_text][\/vc_column][\/vc_row][vc_row][vc_column width=&#8220;1\/2&#8243;][vc_single_image image=&#8220;20957&#8243; img_size=&#8220;full&#8220;][\/vc_column][vc_column width=&#8220;1\/2&#8243;][vc_single_image image=&#8220;20960&#8243; img_size=&#8220;full&#8220;][\/vc_column][\/vc_row][vc_row][vc_column][vc_custom_heading text=&#8220;Freitag \u2013 Summer Dress Look&#8220; font_container=&#8220;tag:h2|text_align:center&#8220; use_theme_fonts=&#8220;yes&#8220;][vc_column_text]<\/p>\n<p style=\"text-align: center;\">It&#8217;s Friday! Und das Wochenende stimmt man am besten mit einem Sommerkleid ein. Dazu kombiniert: Ballet Flats und eine auff\u00e4llige Sonnenbrille.<\/p>\n<p>[\/vc_column_text][\/vc_column][\/vc_row][vc_row][vc_column width=&#8220;1\/2&#8243;][vc_single_image image=&#8220;20963&#8243; img_size=&#8220;full&#8220;][\/vc_column][vc_column width=&#8220;1\/2&#8243;][vc_single_image image=&#8220;20966&#8243; img_size=&#8220;full&#8220;][\/vc_column][\/vc_row][vc_row][vc_column][vc_custom_heading text=&#8220;Wochenende \u2013 Chill Vibes Look&#8220; font_container=&#8220;tag:h2|text_align:center&#8220; use_theme_fonts=&#8220;yes&#8220;][vc_column_text]<\/p>\n<p style=\"text-align: center;\">Am Wochenende wird es gem\u00fctlich aber dennoch stylisch. Weite Shorts und Birkenstock Schuhe gehen Hand in Hand. Dazu kombiniert ein sommerliches Hemd und f\u00fcr die perfekte Frisur einen Haarreifen.<\/p>\n<p>[\/vc_column_text][\/vc_column][\/vc_row][vc_row][vc_column width=&#8220;1\/2&#8243;][vc_single_image image=&#8220;20969&#8243; img_size=&#8220;full&#8220;][\/vc_column][vc_column width=&#8220;1\/2&#8243;][vc_single_image image=&#8220;20972&#8243; img_size=&#8220;full&#8220;][\/vc_column][\/vc_row][vc_row][vc_column][vc_column_text]<\/p>\n<p style=\"text-align: center;\">Lust bekommen, deinen Kleiderschrank neu zu kombinieren? Lass dich jede Woche neu inspirieren und finde deinen ganz pers\u00f6nlichen Style!<\/p>\n<p>[\/vc_column_text][\/vc_column][\/vc_row]<\/p>\n<\/div>","protected":false},"excerpt":{"rendered":"<p>Brauchst du frischen Wind in deinem Kleiderschrank? Dann kommt hier dein perfekter Wochenplan mit Outfits f\u00fcr jeden Tag. Egal ob Office, Freizeit oder Wochenende \u2013 diese sechs Looks von Kastner &#038; \u00d6hler helfen dir, jeden Tag mit Stil zu starten.<\/p>\n","protected":false},"author":5023,"featured_media":20930,"comment_status":"closed","ping_status":"closed","sticky":false,"template":"","format":"standard","meta":{"_acf_changed":false,"inline_featured_image":false,"footnotes":""},"categories":[4],"tags":[],"acf":[],"yoast_head":"<!-- This site is optimized with the Yoast SEO plugin v23.5 - https:\/\/yoast.com\/wordpress\/plugins\/seo\/ -->\n<title>Dein Weekly Outfit Plan: Inspiration f\u00fcr jeden Tag - Kaufhaus Tyrol<\/title>\n<meta name=\"robots\" content=\"index, follow, max-snippet:-1, max-image-preview:large, max-video-preview:-1\" \/>\n<link rel=\"canonical\" href=\"https:\/\/kaufhaus-tyrol.at\/de\/fashion\/dein-weekly-outfit-plan-inspiration-fuer-jeden-tag\/\" \/>\n<meta property=\"og:locale\" content=\"de_DE\" \/>\n<meta property=\"og:type\" content=\"article\" \/>\n<meta property=\"og:title\" content=\"Dein Weekly Outfit Plan: Inspiration f\u00fcr jeden Tag - Kaufhaus Tyrol\" \/>\n<meta property=\"og:description\" content=\"Brauchst du frischen Wind in deinem Kleiderschrank? Dann kommt hier dein perfekter Wochenplan mit Outfits f\u00fcr jeden Tag. Egal ob Office, Freizeit oder Wochenende \u2013 diese sechs Looks von Kastner &amp; \u00d6hler helfen dir, jeden Tag mit Stil zu starten.\" \/>\n<meta property=\"og:url\" content=\"https:\/\/kaufhaus-tyrol.at\/de\/fashion\/dein-weekly-outfit-plan-inspiration-fuer-jeden-tag\/\" \/>\n<meta property=\"og:site_name\" content=\"Kaufhaus Tyrol\" \/>\n<meta property=\"article:publisher\" content=\"https:\/\/www.facebook.com\/kaufhaustyrol\/\" \/>\n<meta property=\"article:published_time\" content=\"2025-05-20T08:48:58+00:00\" \/>\n<meta property=\"article:modified_time\" content=\"2025-05-20T08:51:21+00:00\" \/>\n<meta property=\"og:image\" content=\"https:\/\/kaufhaus-tyrol.at\/wp-content\/uploads\/2025\/05\/Aesthetic-Twitter-Header-13.png\" \/>\n\t<meta property=\"og:image:width\" content=\"1500\" \/>\n\t<meta property=\"og:image:height\" content=\"500\" \/>\n\t<meta property=\"og:image:type\" content=\"image\/png\" \/>\n<meta name=\"author\" content=\"Melanie Rath\" \/>\n<meta name=\"twitter:card\" content=\"summary_large_image\" \/>\n<meta name=\"twitter:label1\" content=\"Verfasst von\" \/>\n\t<meta name=\"twitter:data1\" content=\"Melanie Rath\" \/>\n\t<meta name=\"twitter:label2\" content=\"Gesch\u00e4tzte Lesezeit\" \/>\n\t<meta name=\"twitter:data2\" content=\"3\u00a0Minuten\" \/>\n<script type=\"application\/ld+json\" class=\"yoast-schema-graph\">{\"@context\":\"https:\/\/schema.org\",\"@graph\":[{\"@type\":\"WebPage\",\"@id\":\"https:\/\/kaufhaus-tyrol.at\/de\/fashion\/dein-weekly-outfit-plan-inspiration-fuer-jeden-tag\/\",\"url\":\"https:\/\/kaufhaus-tyrol.at\/de\/fashion\/dein-weekly-outfit-plan-inspiration-fuer-jeden-tag\/\",\"name\":\"Dein Weekly Outfit Plan: Inspiration f\u00fcr jeden Tag - Kaufhaus Tyrol\",\"isPartOf\":{\"@id\":\"https:\/\/kaufhaus-tyrol.at\/de\/#website\"},\"primaryImageOfPage\":{\"@id\":\"https:\/\/kaufhaus-tyrol.at\/de\/fashion\/dein-weekly-outfit-plan-inspiration-fuer-jeden-tag\/#primaryimage\"},\"image\":{\"@id\":\"https:\/\/kaufhaus-tyrol.at\/de\/fashion\/dein-weekly-outfit-plan-inspiration-fuer-jeden-tag\/#primaryimage\"},\"thumbnailUrl\":\"https:\/\/kaufhaus-tyrol.at\/wp-content\/uploads\/2025\/05\/Aesthetic-Twitter-Header-13.png\",\"datePublished\":\"2025-05-20T08:48:58+00:00\",\"dateModified\":\"2025-05-20T08:51:21+00:00\",\"author\":{\"@id\":\"https:\/\/kaufhaus-tyrol.at\/de\/#\/schema\/person\/32367013f669f5f4e54b19a1b10d8a7d\"},\"breadcrumb\":{\"@id\":\"https:\/\/kaufhaus-tyrol.at\/de\/fashion\/dein-weekly-outfit-plan-inspiration-fuer-jeden-tag\/#breadcrumb\"},\"inLanguage\":\"de\",\"potentialAction\":[{\"@type\":\"ReadAction\",\"target\":[\"https:\/\/kaufhaus-tyrol.at\/de\/fashion\/dein-weekly-outfit-plan-inspiration-fuer-jeden-tag\/\"]}]},{\"@type\":\"ImageObject\",\"inLanguage\":\"de\",\"@id\":\"https:\/\/kaufhaus-tyrol.at\/de\/fashion\/dein-weekly-outfit-plan-inspiration-fuer-jeden-tag\/#primaryimage\",\"url\":\"https:\/\/kaufhaus-tyrol.at\/wp-content\/uploads\/2025\/05\/Aesthetic-Twitter-Header-13.png\",\"contentUrl\":\"https:\/\/kaufhaus-tyrol.at\/wp-content\/uploads\/2025\/05\/Aesthetic-Twitter-Header-13.png\",\"width\":1500,\"height\":500,\"caption\":\"Weekly Outfit Plan\"},{\"@type\":\"BreadcrumbList\",\"@id\":\"https:\/\/kaufhaus-tyrol.at\/de\/fashion\/dein-weekly-outfit-plan-inspiration-fuer-jeden-tag\/#breadcrumb\",\"itemListElement\":[{\"@type\":\"ListItem\",\"position\":1,\"name\":\"Home\",\"item\":\"https:\/\/kaufhaus-tyrol.at\/de\/\"},{\"@type\":\"ListItem\",\"position\":2,\"name\":\"Dein Weekly Outfit Plan: Inspiration f\u00fcr jeden Tag\"}]},{\"@type\":\"WebSite\",\"@id\":\"https:\/\/kaufhaus-tyrol.at\/de\/#website\",\"url\":\"https:\/\/kaufhaus-tyrol.at\/de\/\",\"name\":\"Kaufhaus Tyrol\",\"description\":\"Shopping im Herzen von Innsbruck\",\"potentialAction\":[{\"@type\":\"SearchAction\",\"target\":{\"@type\":\"EntryPoint\",\"urlTemplate\":\"https:\/\/kaufhaus-tyrol.at\/de\/?s={search_term_string}\"},\"query-input\":{\"@type\":\"PropertyValueSpecification\",\"valueRequired\":true,\"valueName\":\"search_term_string\"}}],\"inLanguage\":\"de\"},{\"@type\":\"Person\",\"@id\":\"https:\/\/kaufhaus-tyrol.at\/de\/#\/schema\/person\/32367013f669f5f4e54b19a1b10d8a7d\",\"name\":\"Melanie Rath\",\"image\":{\"@type\":\"ImageObject\",\"inLanguage\":\"de\",\"@id\":\"https:\/\/kaufhaus-tyrol.at\/de\/#\/schema\/person\/image\/\",\"url\":\"https:\/\/secure.gravatar.com\/avatar\/8616faa6fd071f8e5e1aae5767b50aa0?s=96&d=mm&r=g\",\"contentUrl\":\"https:\/\/secure.gravatar.com\/avatar\/8616faa6fd071f8e5e1aae5767b50aa0?s=96&d=mm&r=g\",\"caption\":\"Melanie Rath\"}}]}<\/script>\n<!-- \/ Yoast SEO plugin. -->","yoast_head_json":{"title":"Dein Weekly Outfit Plan: Inspiration f\u00fcr jeden Tag - Kaufhaus Tyrol","robots":{"index":"index","follow":"follow","max-snippet":"max-snippet:-1","max-image-preview":"max-image-preview:large","max-video-preview":"max-video-preview:-1"},"canonical":"https:\/\/kaufhaus-tyrol.at\/de\/fashion\/dein-weekly-outfit-plan-inspiration-fuer-jeden-tag\/","og_locale":"de_DE","og_type":"article","og_title":"Dein Weekly Outfit Plan: Inspiration f\u00fcr jeden Tag - Kaufhaus Tyrol","og_description":"Brauchst du frischen Wind in deinem Kleiderschrank? Dann kommt hier dein perfekter Wochenplan mit Outfits f\u00fcr jeden Tag. Egal ob Office, Freizeit oder Wochenende \u2013 diese sechs Looks von Kastner & \u00d6hler helfen dir, jeden Tag mit Stil zu starten.","og_url":"https:\/\/kaufhaus-tyrol.at\/de\/fashion\/dein-weekly-outfit-plan-inspiration-fuer-jeden-tag\/","og_site_name":"Kaufhaus Tyrol","article_publisher":"https:\/\/www.facebook.com\/kaufhaustyrol\/","article_published_time":"2025-05-20T08:48:58+00:00","article_modified_time":"2025-05-20T08:51:21+00:00","og_image":[{"width":1500,"height":500,"url":"https:\/\/kaufhaus-tyrol.at\/wp-content\/uploads\/2025\/05\/Aesthetic-Twitter-Header-13.png","type":"image\/png"}],"author":"Melanie Rath","twitter_card":"summary_large_image","twitter_misc":{"Verfasst von":"Melanie Rath","Gesch\u00e4tzte Lesezeit":"3\u00a0Minuten"},"schema":{"@context":"https:\/\/schema.org","@graph":[{"@type":"WebPage","@id":"https:\/\/kaufhaus-tyrol.at\/de\/fashion\/dein-weekly-outfit-plan-inspiration-fuer-jeden-tag\/","url":"https:\/\/kaufhaus-tyrol.at\/de\/fashion\/dein-weekly-outfit-plan-inspiration-fuer-jeden-tag\/","name":"Dein Weekly Outfit Plan: Inspiration f\u00fcr jeden Tag - Kaufhaus Tyrol","isPartOf":{"@id":"https:\/\/kaufhaus-tyrol.at\/de\/#website"},"primaryImageOfPage":{"@id":"https:\/\/kaufhaus-tyrol.at\/de\/fashion\/dein-weekly-outfit-plan-inspiration-fuer-jeden-tag\/#primaryimage"},"image":{"@id":"https:\/\/kaufhaus-tyrol.at\/de\/fashion\/dein-weekly-outfit-plan-inspiration-fuer-jeden-tag\/#primaryimage"},"thumbnailUrl":"https:\/\/kaufhaus-tyrol.at\/wp-content\/uploads\/2025\/05\/Aesthetic-Twitter-Header-13.png","datePublished":"2025-05-20T08:48:58+00:00","dateModified":"2025-05-20T08:51:21+00:00","author":{"@id":"https:\/\/kaufhaus-tyrol.at\/de\/#\/schema\/person\/32367013f669f5f4e54b19a1b10d8a7d"},"breadcrumb":{"@id":"https:\/\/kaufhaus-tyrol.at\/de\/fashion\/dein-weekly-outfit-plan-inspiration-fuer-jeden-tag\/#breadcrumb"},"inLanguage":"de","potentialAction":[{"@type":"ReadAction","target":["https:\/\/kaufhaus-tyrol.at\/de\/fashion\/dein-weekly-outfit-plan-inspiration-fuer-jeden-tag\/"]}]},{"@type":"ImageObject","inLanguage":"de","@id":"https:\/\/kaufhaus-tyrol.at\/de\/fashion\/dein-weekly-outfit-plan-inspiration-fuer-jeden-tag\/#primaryimage","url":"https:\/\/kaufhaus-tyrol.at\/wp-content\/uploads\/2025\/05\/Aesthetic-Twitter-Header-13.png","contentUrl":"https:\/\/kaufhaus-tyrol.at\/wp-content\/uploads\/2025\/05\/Aesthetic-Twitter-Header-13.png","width":1500,"height":500,"caption":"Weekly Outfit Plan"},{"@type":"BreadcrumbList","@id":"https:\/\/kaufhaus-tyrol.at\/de\/fashion\/dein-weekly-outfit-plan-inspiration-fuer-jeden-tag\/#breadcrumb","itemListElement":[{"@type":"ListItem","position":1,"name":"Home","item":"https:\/\/kaufhaus-tyrol.at\/de\/"},{"@type":"ListItem","position":2,"name":"Dein Weekly Outfit Plan: Inspiration f\u00fcr jeden Tag"}]},{"@type":"WebSite","@id":"https:\/\/kaufhaus-tyrol.at\/de\/#website","url":"https:\/\/kaufhaus-tyrol.at\/de\/","name":"Kaufhaus Tyrol","description":"Shopping im Herzen von Innsbruck","potentialAction":[{"@type":"SearchAction","target":{"@type":"EntryPoint","urlTemplate":"https:\/\/kaufhaus-tyrol.at\/de\/?s={search_term_string}"},"query-input":{"@type":"PropertyValueSpecification","valueRequired":true,"valueName":"search_term_string"}}],"inLanguage":"de"},{"@type":"Person","@id":"https:\/\/kaufhaus-tyrol.at\/de\/#\/schema\/person\/32367013f669f5f4e54b19a1b10d8a7d","name":"Melanie Rath","image":{"@type":"ImageObject","inLanguage":"de","@id":"https:\/\/kaufhaus-tyrol.at\/de\/#\/schema\/person\/image\/","url":"https:\/\/secure.gravatar.com\/avatar\/8616faa6fd071f8e5e1aae5767b50aa0?s=96&d=mm&r=g","contentUrl":"https:\/\/secure.gravatar.com\/avatar\/8616faa6fd071f8e5e1aae5767b50aa0?s=96&d=mm&r=g","caption":"Melanie Rath"}}]}},"_links":{"self":[{"href":"https:\/\/kaufhaus-tyrol.at\/de\/wp-json\/wp\/v2\/posts\/20929"}],"collection":[{"href":"https:\/\/kaufhaus-tyrol.at\/de\/wp-json\/wp\/v2\/posts"}],"about":[{"href":"https:\/\/kaufhaus-tyrol.at\/de\/wp-json\/wp\/v2\/types\/post"}],"author":[{"embeddable":true,"href":"https:\/\/kaufhaus-tyrol.at\/de\/wp-json\/wp\/v2\/users\/5023"}],"replies":[{"embeddable":true,"href":"https:\/\/kaufhaus-tyrol.at\/de\/wp-json\/wp\/v2\/comments?post=20929"}],"version-history":[{"count":8,"href":"https:\/\/kaufhaus-tyrol.at\/de\/wp-json\/wp\/v2\/posts\/20929\/revisions"}],"predecessor-version":[{"id":20976,"href":"https:\/\/kaufhaus-tyrol.at\/de\/wp-json\/wp\/v2\/posts\/20929\/revisions\/20976"}],"wp:featuredmedia":[{"embeddable":true,"href":"https:\/\/kaufhaus-tyrol.at\/de\/wp-json\/wp\/v2\/media\/20930"}],"wp:attachment":[{"href":"https:\/\/kaufhaus-tyrol.at\/de\/wp-json\/wp\/v2\/media?parent=20929"}],"wp:term":[{"taxonomy":"category","embeddable":true,"href":"https:\/\/kaufhaus-tyrol.at\/de\/wp-json\/wp\/v2\/categories?post=20929"},{"taxonomy":"post_tag","embeddable":true,"href":"https:\/\/kaufhaus-tyrol.at\/de\/wp-json\/wp\/v2\/tags?post=20929"}],"curies":[{"name":"wp","href":"https:\/\/api.w.org\/{rel}","templated":true}]}}