{"id":21327,"date":"2025-09-08T12:13:23","date_gmt":"2025-09-08T10:13:23","guid":{"rendered":"https:\/\/kaufhaus-tyrol.at\/?p=21327"},"modified":"2025-09-08T12:13:23","modified_gmt":"2025-09-08T10:13:23","slug":"trendreport-herbst-must-have-taschen-outfits","status":"publish","type":"post","link":"https:\/\/kaufhaus-tyrol.at\/de\/fashion\/trendreport-herbst-must-have-taschen-outfits\/","title":{"rendered":"Trendreport Herbst: Must-have Taschen &#038; Outfits"},"content":{"rendered":"<div class=\"wpb-content-wrapper\"><p>[vc_row][vc_column][vc_column_text]<\/p>\n<p style=\"text-align: center;\">Der Herbst ist die Jahreszeit der Kontraste \u2013 zwischen warmen Farben und k\u00fchleren Tagen, zwischen kuscheligen Materialien und eleganten Akzenten. Gerade in dieser Saison spielen Accessoires eine tragende Rolle, denn sie k\u00f6nnen selbst schlichte Outfits auf ein neues Level heben. Besonders Taschen sind wahre Allrounder: praktisch, stylisch und unverzichtbar. In unserem Trendreport zeigen wir dir drei angesagte Herbstlooks, die perfekt auf die Must-have Bags abgestimmt sind. Die Outfits findet man bei <a href=\"https:\/\/kaufhaus-tyrol.at\/de\/shops\/only\/\">ONLY<\/a> im OG1 und die Taschen bei <a href=\"https:\/\/kaufhaus-tyrol.at\/de\/shops\/maniolos\/\">Maniolo&#8217;s<\/a> im OG2.<\/p>\n<p>[\/vc_column_text][\/vc_column][\/vc_row][vc_row][vc_column][vc_custom_heading text=&#8220;Look 1: Animal-Print &amp; Fake Fur Bag&#8220; font_container=&#8220;tag:h2|text_align:center&#8220; use_theme_fonts=&#8220;yes&#8220;][vc_column_text]<\/p>\n<p style=\"text-align: center;\">Animal Prints geh\u00f6ren auch in diesem Herbst wieder zu den absoluten Eyecatchern. Der Leo-Cardigan bringt sofort einen Hauch Wildheit in den Alltag und wirkt zusammen mit lockeren Wide-Leg-Jeans cool und entspannt. Abgerundet wird der Look durch eine kleine Fake-Fur-Tasche \u2013 kuschelig, verspielt und absolut trendorientiert. Sie greift den gem\u00fctlichen Charakter der Jahreszeit auf und sorgt gleichzeitig f\u00fcr ein sch\u00f6nes Detail, das den Look abrundet. Perfekt f\u00fcr Shoppingtouren oder einen entspannten Nachmittag im Caf\u00e9.<\/p>\n<p>[\/vc_column_text][\/vc_column][\/vc_row][vc_row][vc_column width=&#8220;1\/2&#8243;][vc_single_image image=&#8220;21348&#8243; img_size=&#8220;full&#8220;][\/vc_column][vc_column width=&#8220;1\/2&#8243;][vc_single_image image=&#8220;21345&#8243; img_size=&#8220;full&#8220;][\/vc_column][\/vc_row][vc_row][vc_column][vc_custom_heading text=&#8220;Look 2: Herbst-Bluse &amp; Bordeaux-Tasche&#8220; font_container=&#8220;tag:h2|text_align:center&#8220; use_theme_fonts=&#8220;yes&#8220;][vc_column_text]<\/p>\n<p style=\"text-align: center;\">Wer es etwas femininer mag, setzt auf wei\u00dfe Blusen mit verspielten R\u00fcschen. Sie sind zeitlos und verleihen jedem Outfit eine edle Note. Kombiniert mit Straight-Leg-Jeans und schwarzen Boots ergibt sich ein Look, der gleicherma\u00dfen l\u00e4ssig wie chic wirkt. Das Highlight ist hier die bordeauxrote Tasche: Mit ihrem satten, herbstlichen Ton bringt sie W\u00e4rme ins Outfit und verleiht ihm einen Hauch Eleganz. Ideal f\u00fcr ein Dinner-Date oder einen Stadtbummel \u2013 diese Kombination beweist, dass klassische Basics mit der richtigen Tasche sofort Trend-Potenzial haben.<\/p>\n<p>[\/vc_column_text][\/vc_column][\/vc_row][vc_row][vc_column width=&#8220;1\/2&#8243;][vc_single_image image=&#8220;21342&#8243; img_size=&#8220;full&#8220;][\/vc_column][vc_column width=&#8220;1\/2&#8243;][vc_single_image image=&#8220;21339&#8243; img_size=&#8220;full&#8220;][\/vc_column][\/vc_row][vc_row][vc_column][vc_custom_heading text=&#8220;Look 3: Herbst-Rock &amp; Schwarzer Shopper&#8220; font_container=&#8220;tag:h2|text_align:center&#8220; use_theme_fonts=&#8220;yes&#8220;][vc_column_text]<\/p>\n<p style=\"text-align: center;\">Ein weiteres Keypiece im Herbst ist der Rock in warmen Rott\u00f6nen. Kombiniert mit einem schlichten wei\u00dfen Basic-Shirt entsteht ein Look, der minimalistisch und dennoch ausdrucksstark wirkt. Dazu passt eine gro\u00dfe schwarze Shoppertasche, die nicht nur praktisch ist, sondern auch einen modernen, urbanen Akzent setzt. Sie bringt Struktur ins Outfit und sorgt f\u00fcr Kontrast zum Rock. Ob f\u00fcrs B\u00fcro, die Uni oder den Wochenend-Trip \u2013 dieser Look ist vielseitig einsetzbar und gleichzeitig absolut trendbewusst.<\/p>\n<p>[\/vc_column_text][\/vc_column][\/vc_row][vc_row][vc_column width=&#8220;1\/2&#8243;][vc_single_image image=&#8220;21336&#8243; img_size=&#8220;full&#8220;][\/vc_column][vc_column width=&#8220;1\/2&#8243;][vc_single_image image=&#8220;21333&#8243; img_size=&#8220;full&#8220;][\/vc_column][\/vc_row][vc_row][vc_column][vc_column_text]<\/p>\n<p style=\"text-align: center;\">Mit diesen drei Outfits zeigt sich: Taschen sind mehr als nur Accessoires \u2013 sie sind echte Statement-Pieces, die den Charakter eines Looks unterstreichen oder neu definieren k\u00f6nnen. Ob flauschig, edel oder praktisch \u2013 im Herbst 2025 darf die Tasche ruhig im Mittelpunkt stehen.<\/p>\n<p>[\/vc_column_text][\/vc_column][\/vc_row]<\/p>\n<\/div>","protected":false},"excerpt":{"rendered":"<p>Der Herbst ist die Jahreszeit der Kontraste \u2013 zwischen warmen Farben und k\u00fchleren Tagen, zwischen kuscheligen Materialien und eleganten Akzenten. Gerade in dieser Saison spielen Accessoires eine tragende Rolle, denn sie k\u00f6nnen selbst schlichte Outfits auf ein neues Level heben.<\/p>\n","protected":false},"author":5023,"featured_media":21328,"comment_status":"closed","ping_status":"closed","sticky":false,"template":"","format":"standard","meta":{"_acf_changed":false,"inline_featured_image":false,"footnotes":""},"categories":[4],"tags":[],"acf":[],"yoast_head":"<!-- This site is optimized with the Yoast SEO plugin v23.5 - https:\/\/yoast.com\/wordpress\/plugins\/seo\/ -->\n<title>Trendreport Herbst: Must-have Taschen &amp; Outfits - Kaufhaus Tyrol<\/title>\n<meta name=\"robots\" content=\"index, follow, max-snippet:-1, max-image-preview:large, max-video-preview:-1\" \/>\n<link rel=\"canonical\" href=\"https:\/\/kaufhaus-tyrol.at\/de\/fashion\/trendreport-herbst-must-have-taschen-outfits\/\" \/>\n<meta property=\"og:locale\" content=\"de_DE\" \/>\n<meta property=\"og:type\" content=\"article\" \/>\n<meta property=\"og:title\" content=\"Trendreport Herbst: Must-have Taschen &amp; Outfits - Kaufhaus Tyrol\" \/>\n<meta property=\"og:description\" content=\"Der Herbst ist die Jahreszeit der Kontraste \u2013 zwischen warmen Farben und k\u00fchleren Tagen, zwischen kuscheligen Materialien und eleganten Akzenten. Gerade in dieser Saison spielen Accessoires eine tragende Rolle, denn sie k\u00f6nnen selbst schlichte Outfits auf ein neues Level heben.\" \/>\n<meta property=\"og:url\" content=\"https:\/\/kaufhaus-tyrol.at\/de\/fashion\/trendreport-herbst-must-have-taschen-outfits\/\" \/>\n<meta property=\"og:site_name\" content=\"Kaufhaus Tyrol\" \/>\n<meta property=\"article:publisher\" content=\"https:\/\/www.facebook.com\/kaufhaustyrol\/\" \/>\n<meta property=\"article:published_time\" content=\"2025-09-08T10:13:23+00:00\" \/>\n<meta property=\"og:image\" content=\"https:\/\/kaufhaus-tyrol.at\/wp-content\/uploads\/2025\/09\/Blogbeitrag.png\" \/>\n\t<meta property=\"og:image:width\" content=\"1500\" \/>\n\t<meta property=\"og:image:height\" content=\"500\" \/>\n\t<meta property=\"og:image:type\" content=\"image\/png\" \/>\n<meta name=\"author\" content=\"Melanie Rath\" \/>\n<meta name=\"twitter:card\" content=\"summary_large_image\" \/>\n<meta name=\"twitter:label1\" content=\"Verfasst von\" \/>\n\t<meta name=\"twitter:data1\" content=\"Melanie Rath\" \/>\n\t<meta name=\"twitter:label2\" content=\"Gesch\u00e4tzte Lesezeit\" \/>\n\t<meta name=\"twitter:data2\" content=\"3\u00a0Minuten\" \/>\n<script type=\"application\/ld+json\" class=\"yoast-schema-graph\">{\"@context\":\"https:\/\/schema.org\",\"@graph\":[{\"@type\":\"WebPage\",\"@id\":\"https:\/\/kaufhaus-tyrol.at\/de\/fashion\/trendreport-herbst-must-have-taschen-outfits\/\",\"url\":\"https:\/\/kaufhaus-tyrol.at\/de\/fashion\/trendreport-herbst-must-have-taschen-outfits\/\",\"name\":\"Trendreport Herbst: Must-have Taschen & Outfits - Kaufhaus Tyrol\",\"isPartOf\":{\"@id\":\"https:\/\/kaufhaus-tyrol.at\/de\/#website\"},\"primaryImageOfPage\":{\"@id\":\"https:\/\/kaufhaus-tyrol.at\/de\/fashion\/trendreport-herbst-must-have-taschen-outfits\/#primaryimage\"},\"image\":{\"@id\":\"https:\/\/kaufhaus-tyrol.at\/de\/fashion\/trendreport-herbst-must-have-taschen-outfits\/#primaryimage\"},\"thumbnailUrl\":\"https:\/\/kaufhaus-tyrol.at\/wp-content\/uploads\/2025\/09\/Blogbeitrag.png\",\"datePublished\":\"2025-09-08T10:13:23+00:00\",\"dateModified\":\"2025-09-08T10:13:23+00:00\",\"author\":{\"@id\":\"https:\/\/kaufhaus-tyrol.at\/de\/#\/schema\/person\/32367013f669f5f4e54b19a1b10d8a7d\"},\"breadcrumb\":{\"@id\":\"https:\/\/kaufhaus-tyrol.at\/de\/fashion\/trendreport-herbst-must-have-taschen-outfits\/#breadcrumb\"},\"inLanguage\":\"de\",\"potentialAction\":[{\"@type\":\"ReadAction\",\"target\":[\"https:\/\/kaufhaus-tyrol.at\/de\/fashion\/trendreport-herbst-must-have-taschen-outfits\/\"]}]},{\"@type\":\"ImageObject\",\"inLanguage\":\"de\",\"@id\":\"https:\/\/kaufhaus-tyrol.at\/de\/fashion\/trendreport-herbst-must-have-taschen-outfits\/#primaryimage\",\"url\":\"https:\/\/kaufhaus-tyrol.at\/wp-content\/uploads\/2025\/09\/Blogbeitrag.png\",\"contentUrl\":\"https:\/\/kaufhaus-tyrol.at\/wp-content\/uploads\/2025\/09\/Blogbeitrag.png\",\"width\":1500,\"height\":500,\"caption\":\"Trend Report Herbst\"},{\"@type\":\"BreadcrumbList\",\"@id\":\"https:\/\/kaufhaus-tyrol.at\/de\/fashion\/trendreport-herbst-must-have-taschen-outfits\/#breadcrumb\",\"itemListElement\":[{\"@type\":\"ListItem\",\"position\":1,\"name\":\"Home\",\"item\":\"https:\/\/kaufhaus-tyrol.at\/de\/\"},{\"@type\":\"ListItem\",\"position\":2,\"name\":\"Trendreport Herbst: Must-have Taschen &#038; Outfits\"}]},{\"@type\":\"WebSite\",\"@id\":\"https:\/\/kaufhaus-tyrol.at\/de\/#website\",\"url\":\"https:\/\/kaufhaus-tyrol.at\/de\/\",\"name\":\"Kaufhaus Tyrol\",\"description\":\"Shopping im Herzen von Innsbruck\",\"potentialAction\":[{\"@type\":\"SearchAction\",\"target\":{\"@type\":\"EntryPoint\",\"urlTemplate\":\"https:\/\/kaufhaus-tyrol.at\/de\/?s={search_term_string}\"},\"query-input\":{\"@type\":\"PropertyValueSpecification\",\"valueRequired\":true,\"valueName\":\"search_term_string\"}}],\"inLanguage\":\"de\"},{\"@type\":\"Person\",\"@id\":\"https:\/\/kaufhaus-tyrol.at\/de\/#\/schema\/person\/32367013f669f5f4e54b19a1b10d8a7d\",\"name\":\"Melanie Rath\",\"image\":{\"@type\":\"ImageObject\",\"inLanguage\":\"de\",\"@id\":\"https:\/\/kaufhaus-tyrol.at\/de\/#\/schema\/person\/image\/\",\"url\":\"https:\/\/secure.gravatar.com\/avatar\/8616faa6fd071f8e5e1aae5767b50aa0?s=96&d=mm&r=g\",\"contentUrl\":\"https:\/\/secure.gravatar.com\/avatar\/8616faa6fd071f8e5e1aae5767b50aa0?s=96&d=mm&r=g\",\"caption\":\"Melanie Rath\"}}]}<\/script>\n<!-- \/ Yoast SEO plugin. -->","yoast_head_json":{"title":"Trendreport Herbst: Must-have Taschen & Outfits - Kaufhaus Tyrol","robots":{"index":"index","follow":"follow","max-snippet":"max-snippet:-1","max-image-preview":"max-image-preview:large","max-video-preview":"max-video-preview:-1"},"canonical":"https:\/\/kaufhaus-tyrol.at\/de\/fashion\/trendreport-herbst-must-have-taschen-outfits\/","og_locale":"de_DE","og_type":"article","og_title":"Trendreport Herbst: Must-have Taschen & Outfits - Kaufhaus Tyrol","og_description":"Der Herbst ist die Jahreszeit der Kontraste \u2013 zwischen warmen Farben und k\u00fchleren Tagen, zwischen kuscheligen Materialien und eleganten Akzenten. Gerade in dieser Saison spielen Accessoires eine tragende Rolle, denn sie k\u00f6nnen selbst schlichte Outfits auf ein neues Level heben.","og_url":"https:\/\/kaufhaus-tyrol.at\/de\/fashion\/trendreport-herbst-must-have-taschen-outfits\/","og_site_name":"Kaufhaus Tyrol","article_publisher":"https:\/\/www.facebook.com\/kaufhaustyrol\/","article_published_time":"2025-09-08T10:13:23+00:00","og_image":[{"width":1500,"height":500,"url":"https:\/\/kaufhaus-tyrol.at\/wp-content\/uploads\/2025\/09\/Blogbeitrag.png","type":"image\/png"}],"author":"Melanie Rath","twitter_card":"summary_large_image","twitter_misc":{"Verfasst von":"Melanie Rath","Gesch\u00e4tzte Lesezeit":"3\u00a0Minuten"},"schema":{"@context":"https:\/\/schema.org","@graph":[{"@type":"WebPage","@id":"https:\/\/kaufhaus-tyrol.at\/de\/fashion\/trendreport-herbst-must-have-taschen-outfits\/","url":"https:\/\/kaufhaus-tyrol.at\/de\/fashion\/trendreport-herbst-must-have-taschen-outfits\/","name":"Trendreport Herbst: Must-have Taschen & Outfits - Kaufhaus Tyrol","isPartOf":{"@id":"https:\/\/kaufhaus-tyrol.at\/de\/#website"},"primaryImageOfPage":{"@id":"https:\/\/kaufhaus-tyrol.at\/de\/fashion\/trendreport-herbst-must-have-taschen-outfits\/#primaryimage"},"image":{"@id":"https:\/\/kaufhaus-tyrol.at\/de\/fashion\/trendreport-herbst-must-have-taschen-outfits\/#primaryimage"},"thumbnailUrl":"https:\/\/kaufhaus-tyrol.at\/wp-content\/uploads\/2025\/09\/Blogbeitrag.png","datePublished":"2025-09-08T10:13:23+00:00","dateModified":"2025-09-08T10:13:23+00:00","author":{"@id":"https:\/\/kaufhaus-tyrol.at\/de\/#\/schema\/person\/32367013f669f5f4e54b19a1b10d8a7d"},"breadcrumb":{"@id":"https:\/\/kaufhaus-tyrol.at\/de\/fashion\/trendreport-herbst-must-have-taschen-outfits\/#breadcrumb"},"inLanguage":"de","potentialAction":[{"@type":"ReadAction","target":["https:\/\/kaufhaus-tyrol.at\/de\/fashion\/trendreport-herbst-must-have-taschen-outfits\/"]}]},{"@type":"ImageObject","inLanguage":"de","@id":"https:\/\/kaufhaus-tyrol.at\/de\/fashion\/trendreport-herbst-must-have-taschen-outfits\/#primaryimage","url":"https:\/\/kaufhaus-tyrol.at\/wp-content\/uploads\/2025\/09\/Blogbeitrag.png","contentUrl":"https:\/\/kaufhaus-tyrol.at\/wp-content\/uploads\/2025\/09\/Blogbeitrag.png","width":1500,"height":500,"caption":"Trend Report Herbst"},{"@type":"BreadcrumbList","@id":"https:\/\/kaufhaus-tyrol.at\/de\/fashion\/trendreport-herbst-must-have-taschen-outfits\/#breadcrumb","itemListElement":[{"@type":"ListItem","position":1,"name":"Home","item":"https:\/\/kaufhaus-tyrol.at\/de\/"},{"@type":"ListItem","position":2,"name":"Trendreport Herbst: Must-have Taschen &#038; Outfits"}]},{"@type":"WebSite","@id":"https:\/\/kaufhaus-tyrol.at\/de\/#website","url":"https:\/\/kaufhaus-tyrol.at\/de\/","name":"Kaufhaus Tyrol","description":"Shopping im Herzen von Innsbruck","potentialAction":[{"@type":"SearchAction","target":{"@type":"EntryPoint","urlTemplate":"https:\/\/kaufhaus-tyrol.at\/de\/?s={search_term_string}"},"query-input":{"@type":"PropertyValueSpecification","valueRequired":true,"valueName":"search_term_string"}}],"inLanguage":"de"},{"@type":"Person","@id":"https:\/\/kaufhaus-tyrol.at\/de\/#\/schema\/person\/32367013f669f5f4e54b19a1b10d8a7d","name":"Melanie Rath","image":{"@type":"ImageObject","inLanguage":"de","@id":"https:\/\/kaufhaus-tyrol.at\/de\/#\/schema\/person\/image\/","url":"https:\/\/secure.gravatar.com\/avatar\/8616faa6fd071f8e5e1aae5767b50aa0?s=96&d=mm&r=g","contentUrl":"https:\/\/secure.gravatar.com\/avatar\/8616faa6fd071f8e5e1aae5767b50aa0?s=96&d=mm&r=g","caption":"Melanie Rath"}}]}},"_links":{"self":[{"href":"https:\/\/kaufhaus-tyrol.at\/de\/wp-json\/wp\/v2\/posts\/21327"}],"collection":[{"href":"https:\/\/kaufhaus-tyrol.at\/de\/wp-json\/wp\/v2\/posts"}],"about":[{"href":"https:\/\/kaufhaus-tyrol.at\/de\/wp-json\/wp\/v2\/types\/post"}],"author":[{"embeddable":true,"href":"https:\/\/kaufhaus-tyrol.at\/de\/wp-json\/wp\/v2\/users\/5023"}],"replies":[{"embeddable":true,"href":"https:\/\/kaufhaus-tyrol.at\/de\/wp-json\/wp\/v2\/comments?post=21327"}],"version-history":[{"count":4,"href":"https:\/\/kaufhaus-tyrol.at\/de\/wp-json\/wp\/v2\/posts\/21327\/revisions"}],"predecessor-version":[{"id":21352,"href":"https:\/\/kaufhaus-tyrol.at\/de\/wp-json\/wp\/v2\/posts\/21327\/revisions\/21352"}],"wp:featuredmedia":[{"embeddable":true,"href":"https:\/\/kaufhaus-tyrol.at\/de\/wp-json\/wp\/v2\/media\/21328"}],"wp:attachment":[{"href":"https:\/\/kaufhaus-tyrol.at\/de\/wp-json\/wp\/v2\/media?parent=21327"}],"wp:term":[{"taxonomy":"category","embeddable":true,"href":"https:\/\/kaufhaus-tyrol.at\/de\/wp-json\/wp\/v2\/categories?post=21327"},{"taxonomy":"post_tag","embeddable":true,"href":"https:\/\/kaufhaus-tyrol.at\/de\/wp-json\/wp\/v2\/tags?post=21327"}],"curies":[{"name":"wp","href":"https:\/\/api.w.org\/{rel}","templated":true}]}}