{"id":21778,"date":"2026-03-03T11:28:57","date_gmt":"2026-03-03T10:28:57","guid":{"rendered":"https:\/\/kaufhaus-tyrol.at\/?p=21778"},"modified":"2026-03-03T11:28:57","modified_gmt":"2026-03-03T10:28:57","slug":"fruehlingsdeko-fuer-dein-zuhause","status":"publish","type":"post","link":"https:\/\/kaufhaus-tyrol.at\/de\/interior\/fruehlingsdeko-fuer-dein-zuhause\/","title":{"rendered":"Fr\u00fchlingsdeko f\u00fcr dein Zuhause"},"content":{"rendered":"<div class=\"wpb-content-wrapper\"><p>[vc_row][vc_column][vc_column_text]<\/p>\n<p style=\"text-align: center;\">Wenn die Tage l\u00e4nger werden, die Sonne durch die Fenster scheint und die Natur langsam aus ihrem Winterschlaf erwacht, ist es Zeit, auch dem eigenen Zuhause einen frischen Look zu verleihen. Fr\u00fchlingsdeko bringt Leichtigkeit, Farbe und gute Laune in jeden Raum. Mit liebevoll ausgew\u00e4hlten Accessoires kannst du im Handumdrehen eine warme, einladende Atmosph\u00e4re schaffen. Besonders sch\u00f6n gelingt das mit stilvollen und verspielten Deko-Elementen von <a href=\"https:\/\/kaufhaus-tyrol.at\/de\/shops\/depot\/\">Depot<\/a>.<\/p>\n<p>[\/vc_column_text][\/vc_column][\/vc_row][vc_row][vc_column][vc_custom_heading text=&#8220;Gute Laune am Tisch: Verspielte Highlights f\u00fcr dein Fr\u00fchlingsgedeck&#8220; font_container=&#8220;tag:h2|text_align:center&#8220; use_theme_fonts=&#8220;yes&#8220;][vc_column_text]<\/p>\n<p style=\"text-align: center;\">Ein fr\u00f6hlich gedeckter Tisch ist das Herzst\u00fcck jeder Fr\u00fchlingsdeko. Das Smiley Tischgedeck von Depot sorgt mit seinem Design sofort f\u00fcr gute Laune. Die Farben und das l\u00e4chelnde Motiv setzen einen verspielten Akzent und wirken dennoch modern. Kombiniert mit schlichten Servietten oder pastellfarbenen Accessoires entsteht ein fr\u00fchlingshaftes Gesamtbild, das perfekt zu einem gem\u00fctlichen Brunch oder Kaffee mit Freunden passt.<\/p>\n<p style=\"text-align: center;\" data-start=\"1298\" data-end=\"1648\">Erg\u00e4nzend dazu ist die Servierplatte mit bunten Blumen ein wundersch\u00f6nes Detail f\u00fcr K\u00fcche oder Esstisch. Es eignet sich nicht nur zum Servieren von Brot oder kleinen Snacks, sondern auch als dekoratives Element, das Fr\u00fchlingsgef\u00fchle weckt.<\/p>\n<p>[\/vc_column_text][\/vc_column][\/vc_row][vc_row][vc_column width=&#8220;1\/2&#8243;][vc_single_image image=&#8220;21785&#8243; img_size=&#8220;full&#8220;][\/vc_column][vc_column width=&#8220;1\/2&#8243;][vc_single_image image=&#8220;21779&#8243; img_size=&#8220;full&#8220;][\/vc_column][\/vc_row][vc_row][vc_column][vc_custom_heading text=&#8220;Farbige Elemente f\u00fcr den Wohnraum&#8220; font_container=&#8220;tag:h2|text_align:center&#8220; use_theme_fonts=&#8220;yes&#8220;][vc_column_text]<\/p>\n<p style=\"text-align: center;\">Blumen d\u00fcrfen im Fr\u00fchling nat\u00fcrlich nicht fehlen. Diese Vase bildet die ideale B\u00fchne f\u00fcr frische Tulpen oder zarte Zweige. Eine Vase ist dabei nicht nur funktional, sondern auch ein zentrales Gestaltungselement auf dem Tisch, Sideboard oder Fensterbrett.<\/p>\n<p style=\"text-align: center;\" data-start=\"2073\" data-end=\"2363\">Rosa Kerzen erg\u00e4nzen die florale Dekoration perfekt. Sie bringen W\u00e4rme in den Raum und schaffen eine gem\u00fctliche Atmosph\u00e4re. In Kombination mit frischen Blumen entsteht ein romantischer, leichter Look, der dein Zuhause sofort freundlicher wirken l\u00e4sst.<\/p>\n<p>[\/vc_column_text][\/vc_column][\/vc_row][vc_row][vc_column width=&#8220;1\/2&#8243;][vc_single_image image=&#8220;21791&#8243; img_size=&#8220;full&#8220;][\/vc_column][vc_column width=&#8220;1\/2&#8243;][vc_single_image image=&#8220;21788&#8243; img_size=&#8220;full&#8220;][\/vc_column][\/vc_row][vc_row][vc_column][vc_custom_heading text=&#8220;Verspielte Fr\u00fchlingsmomente zum Genie\u00dfen&#8220; font_container=&#8220;tag:h2|text_align:center&#8220; use_theme_fonts=&#8220;yes&#8220;][vc_column_text]<\/p>\n<p style=\"text-align: center;\">Kleine Details machen oft den gr\u00f6\u00dften Unterschied. Eine verspielte Tasse mit besonderen Akzenten l\u00e4dt dazu ein, den Morgenkaffee oder Tee bewusst zu genie\u00dfen. Zarte Farben oder kleine Muster passen wunderbar zum Fr\u00fchling und setzen liebevolle Highlights auf dem Fr\u00fchst\u00fcckstisch.<\/p>\n<p style=\"text-align: center;\" data-start=\"2711\" data-end=\"3036\">Ein Glasbeh\u00e4lter in Blumenform mit Strohhalm ist nicht nur praktisch, sondern auch ein echter Hingucker. Ob f\u00fcr selbstgemachte Limonade, Smoothies oder Eistee. Besonders bei sonnigem Wetter auf dem Balkon oder im Garten wird er schnell zum Lieblingsst\u00fcck.<\/p>\n<p>[\/vc_column_text][\/vc_column][\/vc_row][vc_row][vc_column width=&#8220;1\/2&#8243;][vc_single_image image=&#8220;21794&#8243; img_size=&#8220;full&#8220;][\/vc_column][vc_column width=&#8220;1\/2&#8243;][vc_single_image image=&#8220;21782&#8243; img_size=&#8220;full&#8220;][\/vc_column][\/vc_row][vc_row][vc_column][vc_column_text]<\/p>\n<p style=\"text-align: center;\" data-start=\"3060\" data-end=\"3439\">Mit ausgew\u00e4hlten Accessoires von Depot kannst du deinem Zuhause im Handumdrehen eine neue, leichte Atmosph\u00e4re verleihen. Ob fr\u00f6hliches Smiley Tischgedeck, florales Schneidebrett, elegante Vase mit rosa Kerzen oder verspielte Tasse und Glasbeh\u00e4lter. Jedes Element tr\u00e4gt dazu bei, den Fr\u00fchling willkommen zu hei\u00dfen.<\/p>\n<p>[\/vc_column_text][\/vc_column][\/vc_row]<\/p>\n<\/div>","protected":false},"excerpt":{"rendered":"<p>Fr\u00fchlingsdeko bringt Leichtigkeit, Farbe und gute Laune in jeden Raum. Mit liebevoll ausgew\u00e4hlten Accessoires kannst du im Handumdrehen eine warme, einladende Atmosph\u00e4re schaffen. Besonders sch\u00f6n gelingt das mit stilvollen und verspielten Deko-Elementen von Depot.<\/p>\n","protected":false},"author":5023,"featured_media":21797,"comment_status":"closed","ping_status":"closed","sticky":false,"template":"","format":"standard","meta":{"_acf_changed":false,"inline_featured_image":false,"footnotes":""},"categories":[49],"tags":[],"acf":[],"yoast_head":"<!-- This site is optimized with the Yoast SEO plugin v23.5 - https:\/\/yoast.com\/wordpress\/plugins\/seo\/ -->\n<title>Fr\u00fchlingsdeko f\u00fcr dein Zuhause - Kaufhaus Tyrol<\/title>\n<meta name=\"robots\" content=\"index, follow, max-snippet:-1, max-image-preview:large, max-video-preview:-1\" \/>\n<link rel=\"canonical\" href=\"https:\/\/kaufhaus-tyrol.at\/de\/interior\/fruehlingsdeko-fuer-dein-zuhause\/\" \/>\n<meta property=\"og:locale\" content=\"de_DE\" \/>\n<meta property=\"og:type\" content=\"article\" \/>\n<meta property=\"og:title\" content=\"Fr\u00fchlingsdeko f\u00fcr dein Zuhause - Kaufhaus Tyrol\" \/>\n<meta property=\"og:description\" content=\"Fr\u00fchlingsdeko bringt Leichtigkeit, Farbe und gute Laune in jeden Raum. Mit liebevoll ausgew\u00e4hlten Accessoires kannst du im Handumdrehen eine warme, einladende Atmosph\u00e4re schaffen. Besonders sch\u00f6n gelingt das mit stilvollen und verspielten Deko-Elementen von Depot.\" \/>\n<meta property=\"og:url\" content=\"https:\/\/kaufhaus-tyrol.at\/de\/interior\/fruehlingsdeko-fuer-dein-zuhause\/\" \/>\n<meta property=\"og:site_name\" content=\"Kaufhaus Tyrol\" \/>\n<meta property=\"article:publisher\" content=\"https:\/\/www.facebook.com\/kaufhaustyrol\/\" \/>\n<meta property=\"article:published_time\" content=\"2026-03-03T10:28:57+00:00\" \/>\n<meta property=\"og:image\" content=\"https:\/\/kaufhaus-tyrol.at\/wp-content\/uploads\/2026\/03\/Aesthetic-Twitter-Header-16.png\" \/>\n\t<meta property=\"og:image:width\" content=\"1500\" \/>\n\t<meta property=\"og:image:height\" content=\"500\" \/>\n\t<meta property=\"og:image:type\" content=\"image\/png\" \/>\n<meta name=\"author\" content=\"Melanie Rath\" \/>\n<meta name=\"twitter:card\" content=\"summary_large_image\" \/>\n<meta name=\"twitter:label1\" content=\"Verfasst von\" \/>\n\t<meta name=\"twitter:data1\" content=\"Melanie Rath\" \/>\n\t<meta name=\"twitter:label2\" content=\"Gesch\u00e4tzte Lesezeit\" \/>\n\t<meta name=\"twitter:data2\" content=\"4\u00a0Minuten\" \/>\n<script type=\"application\/ld+json\" class=\"yoast-schema-graph\">{\"@context\":\"https:\/\/schema.org\",\"@graph\":[{\"@type\":\"WebPage\",\"@id\":\"https:\/\/kaufhaus-tyrol.at\/de\/interior\/fruehlingsdeko-fuer-dein-zuhause\/\",\"url\":\"https:\/\/kaufhaus-tyrol.at\/de\/interior\/fruehlingsdeko-fuer-dein-zuhause\/\",\"name\":\"Fr\u00fchlingsdeko f\u00fcr dein Zuhause - Kaufhaus Tyrol\",\"isPartOf\":{\"@id\":\"https:\/\/kaufhaus-tyrol.at\/de\/#website\"},\"primaryImageOfPage\":{\"@id\":\"https:\/\/kaufhaus-tyrol.at\/de\/interior\/fruehlingsdeko-fuer-dein-zuhause\/#primaryimage\"},\"image\":{\"@id\":\"https:\/\/kaufhaus-tyrol.at\/de\/interior\/fruehlingsdeko-fuer-dein-zuhause\/#primaryimage\"},\"thumbnailUrl\":\"https:\/\/kaufhaus-tyrol.at\/wp-content\/uploads\/2026\/03\/Aesthetic-Twitter-Header-16.png\",\"datePublished\":\"2026-03-03T10:28:57+00:00\",\"dateModified\":\"2026-03-03T10:28:57+00:00\",\"author\":{\"@id\":\"https:\/\/kaufhaus-tyrol.at\/de\/#\/schema\/person\/32367013f669f5f4e54b19a1b10d8a7d\"},\"breadcrumb\":{\"@id\":\"https:\/\/kaufhaus-tyrol.at\/de\/interior\/fruehlingsdeko-fuer-dein-zuhause\/#breadcrumb\"},\"inLanguage\":\"de\",\"potentialAction\":[{\"@type\":\"ReadAction\",\"target\":[\"https:\/\/kaufhaus-tyrol.at\/de\/interior\/fruehlingsdeko-fuer-dein-zuhause\/\"]}]},{\"@type\":\"ImageObject\",\"inLanguage\":\"de\",\"@id\":\"https:\/\/kaufhaus-tyrol.at\/de\/interior\/fruehlingsdeko-fuer-dein-zuhause\/#primaryimage\",\"url\":\"https:\/\/kaufhaus-tyrol.at\/wp-content\/uploads\/2026\/03\/Aesthetic-Twitter-Header-16.png\",\"contentUrl\":\"https:\/\/kaufhaus-tyrol.at\/wp-content\/uploads\/2026\/03\/Aesthetic-Twitter-Header-16.png\",\"width\":1500,\"height\":500,\"caption\":\"Dekoration Kaufhaus Tyrol\"},{\"@type\":\"BreadcrumbList\",\"@id\":\"https:\/\/kaufhaus-tyrol.at\/de\/interior\/fruehlingsdeko-fuer-dein-zuhause\/#breadcrumb\",\"itemListElement\":[{\"@type\":\"ListItem\",\"position\":1,\"name\":\"Home\",\"item\":\"https:\/\/kaufhaus-tyrol.at\/de\/\"},{\"@type\":\"ListItem\",\"position\":2,\"name\":\"Fr\u00fchlingsdeko f\u00fcr dein Zuhause\"}]},{\"@type\":\"WebSite\",\"@id\":\"https:\/\/kaufhaus-tyrol.at\/de\/#website\",\"url\":\"https:\/\/kaufhaus-tyrol.at\/de\/\",\"name\":\"Kaufhaus Tyrol\",\"description\":\"Shopping im Herzen von Innsbruck\",\"potentialAction\":[{\"@type\":\"SearchAction\",\"target\":{\"@type\":\"EntryPoint\",\"urlTemplate\":\"https:\/\/kaufhaus-tyrol.at\/de\/?s={search_term_string}\"},\"query-input\":{\"@type\":\"PropertyValueSpecification\",\"valueRequired\":true,\"valueName\":\"search_term_string\"}}],\"inLanguage\":\"de\"},{\"@type\":\"Person\",\"@id\":\"https:\/\/kaufhaus-tyrol.at\/de\/#\/schema\/person\/32367013f669f5f4e54b19a1b10d8a7d\",\"name\":\"Melanie Rath\",\"image\":{\"@type\":\"ImageObject\",\"inLanguage\":\"de\",\"@id\":\"https:\/\/kaufhaus-tyrol.at\/de\/#\/schema\/person\/image\/\",\"url\":\"https:\/\/secure.gravatar.com\/avatar\/8616faa6fd071f8e5e1aae5767b50aa0?s=96&d=mm&r=g\",\"contentUrl\":\"https:\/\/secure.gravatar.com\/avatar\/8616faa6fd071f8e5e1aae5767b50aa0?s=96&d=mm&r=g\",\"caption\":\"Melanie Rath\"}}]}<\/script>\n<!-- \/ Yoast SEO plugin. -->","yoast_head_json":{"title":"Fr\u00fchlingsdeko f\u00fcr dein Zuhause - Kaufhaus Tyrol","robots":{"index":"index","follow":"follow","max-snippet":"max-snippet:-1","max-image-preview":"max-image-preview:large","max-video-preview":"max-video-preview:-1"},"canonical":"https:\/\/kaufhaus-tyrol.at\/de\/interior\/fruehlingsdeko-fuer-dein-zuhause\/","og_locale":"de_DE","og_type":"article","og_title":"Fr\u00fchlingsdeko f\u00fcr dein Zuhause - Kaufhaus Tyrol","og_description":"Fr\u00fchlingsdeko bringt Leichtigkeit, Farbe und gute Laune in jeden Raum. Mit liebevoll ausgew\u00e4hlten Accessoires kannst du im Handumdrehen eine warme, einladende Atmosph\u00e4re schaffen. Besonders sch\u00f6n gelingt das mit stilvollen und verspielten Deko-Elementen von Depot.","og_url":"https:\/\/kaufhaus-tyrol.at\/de\/interior\/fruehlingsdeko-fuer-dein-zuhause\/","og_site_name":"Kaufhaus Tyrol","article_publisher":"https:\/\/www.facebook.com\/kaufhaustyrol\/","article_published_time":"2026-03-03T10:28:57+00:00","og_image":[{"width":1500,"height":500,"url":"https:\/\/kaufhaus-tyrol.at\/wp-content\/uploads\/2026\/03\/Aesthetic-Twitter-Header-16.png","type":"image\/png"}],"author":"Melanie Rath","twitter_card":"summary_large_image","twitter_misc":{"Verfasst von":"Melanie Rath","Gesch\u00e4tzte Lesezeit":"4\u00a0Minuten"},"schema":{"@context":"https:\/\/schema.org","@graph":[{"@type":"WebPage","@id":"https:\/\/kaufhaus-tyrol.at\/de\/interior\/fruehlingsdeko-fuer-dein-zuhause\/","url":"https:\/\/kaufhaus-tyrol.at\/de\/interior\/fruehlingsdeko-fuer-dein-zuhause\/","name":"Fr\u00fchlingsdeko f\u00fcr dein Zuhause - Kaufhaus Tyrol","isPartOf":{"@id":"https:\/\/kaufhaus-tyrol.at\/de\/#website"},"primaryImageOfPage":{"@id":"https:\/\/kaufhaus-tyrol.at\/de\/interior\/fruehlingsdeko-fuer-dein-zuhause\/#primaryimage"},"image":{"@id":"https:\/\/kaufhaus-tyrol.at\/de\/interior\/fruehlingsdeko-fuer-dein-zuhause\/#primaryimage"},"thumbnailUrl":"https:\/\/kaufhaus-tyrol.at\/wp-content\/uploads\/2026\/03\/Aesthetic-Twitter-Header-16.png","datePublished":"2026-03-03T10:28:57+00:00","dateModified":"2026-03-03T10:28:57+00:00","author":{"@id":"https:\/\/kaufhaus-tyrol.at\/de\/#\/schema\/person\/32367013f669f5f4e54b19a1b10d8a7d"},"breadcrumb":{"@id":"https:\/\/kaufhaus-tyrol.at\/de\/interior\/fruehlingsdeko-fuer-dein-zuhause\/#breadcrumb"},"inLanguage":"de","potentialAction":[{"@type":"ReadAction","target":["https:\/\/kaufhaus-tyrol.at\/de\/interior\/fruehlingsdeko-fuer-dein-zuhause\/"]}]},{"@type":"ImageObject","inLanguage":"de","@id":"https:\/\/kaufhaus-tyrol.at\/de\/interior\/fruehlingsdeko-fuer-dein-zuhause\/#primaryimage","url":"https:\/\/kaufhaus-tyrol.at\/wp-content\/uploads\/2026\/03\/Aesthetic-Twitter-Header-16.png","contentUrl":"https:\/\/kaufhaus-tyrol.at\/wp-content\/uploads\/2026\/03\/Aesthetic-Twitter-Header-16.png","width":1500,"height":500,"caption":"Dekoration Kaufhaus Tyrol"},{"@type":"BreadcrumbList","@id":"https:\/\/kaufhaus-tyrol.at\/de\/interior\/fruehlingsdeko-fuer-dein-zuhause\/#breadcrumb","itemListElement":[{"@type":"ListItem","position":1,"name":"Home","item":"https:\/\/kaufhaus-tyrol.at\/de\/"},{"@type":"ListItem","position":2,"name":"Fr\u00fchlingsdeko f\u00fcr dein Zuhause"}]},{"@type":"WebSite","@id":"https:\/\/kaufhaus-tyrol.at\/de\/#website","url":"https:\/\/kaufhaus-tyrol.at\/de\/","name":"Kaufhaus Tyrol","description":"Shopping im Herzen von Innsbruck","potentialAction":[{"@type":"SearchAction","target":{"@type":"EntryPoint","urlTemplate":"https:\/\/kaufhaus-tyrol.at\/de\/?s={search_term_string}"},"query-input":{"@type":"PropertyValueSpecification","valueRequired":true,"valueName":"search_term_string"}}],"inLanguage":"de"},{"@type":"Person","@id":"https:\/\/kaufhaus-tyrol.at\/de\/#\/schema\/person\/32367013f669f5f4e54b19a1b10d8a7d","name":"Melanie Rath","image":{"@type":"ImageObject","inLanguage":"de","@id":"https:\/\/kaufhaus-tyrol.at\/de\/#\/schema\/person\/image\/","url":"https:\/\/secure.gravatar.com\/avatar\/8616faa6fd071f8e5e1aae5767b50aa0?s=96&d=mm&r=g","contentUrl":"https:\/\/secure.gravatar.com\/avatar\/8616faa6fd071f8e5e1aae5767b50aa0?s=96&d=mm&r=g","caption":"Melanie Rath"}}]}},"_links":{"self":[{"href":"https:\/\/kaufhaus-tyrol.at\/de\/wp-json\/wp\/v2\/posts\/21778"}],"collection":[{"href":"https:\/\/kaufhaus-tyrol.at\/de\/wp-json\/wp\/v2\/posts"}],"about":[{"href":"https:\/\/kaufhaus-tyrol.at\/de\/wp-json\/wp\/v2\/types\/post"}],"author":[{"embeddable":true,"href":"https:\/\/kaufhaus-tyrol.at\/de\/wp-json\/wp\/v2\/users\/5023"}],"replies":[{"embeddable":true,"href":"https:\/\/kaufhaus-tyrol.at\/de\/wp-json\/wp\/v2\/comments?post=21778"}],"version-history":[{"count":3,"href":"https:\/\/kaufhaus-tyrol.at\/de\/wp-json\/wp\/v2\/posts\/21778\/revisions"}],"predecessor-version":[{"id":21802,"href":"https:\/\/kaufhaus-tyrol.at\/de\/wp-json\/wp\/v2\/posts\/21778\/revisions\/21802"}],"wp:featuredmedia":[{"embeddable":true,"href":"https:\/\/kaufhaus-tyrol.at\/de\/wp-json\/wp\/v2\/media\/21797"}],"wp:attachment":[{"href":"https:\/\/kaufhaus-tyrol.at\/de\/wp-json\/wp\/v2\/media?parent=21778"}],"wp:term":[{"taxonomy":"category","embeddable":true,"href":"https:\/\/kaufhaus-tyrol.at\/de\/wp-json\/wp\/v2\/categories?post=21778"},{"taxonomy":"post_tag","embeddable":true,"href":"https:\/\/kaufhaus-tyrol.at\/de\/wp-json\/wp\/v2\/tags?post=21778"}],"curies":[{"name":"wp","href":"https:\/\/api.w.org\/{rel}","templated":true}]}}