{"id":4143,"date":"2018-12-19T16:04:55","date_gmt":"2018-12-19T15:04:55","guid":{"rendered":"https:\/\/www.kaufhaus-tyrol.at\/?p=4143"},"modified":"2018-12-19T16:31:29","modified_gmt":"2018-12-19T15:31:29","slug":"festive-season","status":"publish","type":"post","link":"https:\/\/kaufhaus-tyrol.at\/de\/fashion\/festive-season\/","title":{"rendered":"Festive Season"},"content":{"rendered":"<div class=\"wpb-content-wrapper\"><p>[vc_row][vc_column][vc_column_text]Von festlich bis leger &#8211; wir haben die sch\u00f6nsten Outfits aus dem Kaufhaus Tyrol f\u00fcr die anstehenden Weihnachtsfeierlichkeiten f\u00fcr euch zusammen gestellt. Die Bilder unserer aktuellen Modestrecke entstanden in den angesagten R\u00e4umlichkeiten des <a href=\"https:\/\/www.popdownhotel.com\/\">Pop Down Hotels im Zillertal<\/a>.<\/p>\n<h4 style=\"text-align: center;\">Outfit von Massimo Dutti<\/h4>\n<p>&nbsp;<\/p>\n<h2 style=\"text-align: center;\"><img loading=\"lazy\" decoding=\"async\" class=\"alignnone size-full wp-image-4147\" src=\"https:\/\/kaufhaus-tyrol.at\/wp-content\/uploads\/2018\/12\/Kaufhaus-Tyrol-Blog-Outfits-Weihnachten-Festive-Season1.jpg\" alt=\"Festive Season - Weihnachtsoutfits aus dem Kaufhaus Tyrol\" width=\"500\" height=\"850\" srcset=\"https:\/\/kaufhaus-tyrol.at\/wp-content\/uploads\/2018\/12\/Kaufhaus-Tyrol-Blog-Outfits-Weihnachten-Festive-Season1.jpg 500w, https:\/\/kaufhaus-tyrol.at\/wp-content\/uploads\/2018\/12\/Kaufhaus-Tyrol-Blog-Outfits-Weihnachten-Festive-Season1-176x300.jpg 176w\" sizes=\"(max-width: 500px) 100vw, 500px\" \/><\/h2>\n<h4><\/h4>\n<h4 style=\"text-align: center;\">Outfit von rebekka ru\u00e9tz<\/h4>\n<p>&nbsp;<\/p>\n<h2 style=\"text-align: center;\"><img loading=\"lazy\" decoding=\"async\" class=\"alignnone size-full wp-image-4165\" src=\"https:\/\/kaufhaus-tyrol.at\/wp-content\/uploads\/2018\/12\/Kaufhaus-Tyrol-Blog-Outfits-Weihnachten-Festive-Season7.jpg\" alt=\"Festive Season - Weihnachtsoutfits aus dem Kaufhaus Tyrol\" width=\"500\" height=\"850\" srcset=\"https:\/\/kaufhaus-tyrol.at\/wp-content\/uploads\/2018\/12\/Kaufhaus-Tyrol-Blog-Outfits-Weihnachten-Festive-Season7.jpg 500w, https:\/\/kaufhaus-tyrol.at\/wp-content\/uploads\/2018\/12\/Kaufhaus-Tyrol-Blog-Outfits-Weihnachten-Festive-Season7-176x300.jpg 176w\" sizes=\"(max-width: 500px) 100vw, 500px\" \/><\/h2>\n<h4><\/h4>\n<h4 style=\"text-align: center;\">Outfits von ONLY und Jack &amp; Jones<\/h4>\n<p>&nbsp;<\/p>\n<p style=\"text-align: center;\"><img loading=\"lazy\" decoding=\"async\" class=\"alignnone size-full wp-image-4159 aligncenter\" src=\"https:\/\/kaufhaus-tyrol.at\/wp-content\/uploads\/2018\/12\/Kaufhaus-Tyrol-Blog-Outfits-Weihnachten-Festive-Season5.jpg\" alt=\"Festive Season - Weihnachtsoutfits aus dem Kaufhaus Tyrol\" width=\"850\" height=\"500\" srcset=\"https:\/\/kaufhaus-tyrol.at\/wp-content\/uploads\/2018\/12\/Kaufhaus-Tyrol-Blog-Outfits-Weihnachten-Festive-Season5.jpg 850w, https:\/\/kaufhaus-tyrol.at\/wp-content\/uploads\/2018\/12\/Kaufhaus-Tyrol-Blog-Outfits-Weihnachten-Festive-Season5-300x176.jpg 300w, https:\/\/kaufhaus-tyrol.at\/wp-content\/uploads\/2018\/12\/Kaufhaus-Tyrol-Blog-Outfits-Weihnachten-Festive-Season5-768x452.jpg 768w\" sizes=\"(max-width: 850px) 100vw, 850px\" \/><\/p>\n<h4><\/h4>\n<h4 style=\"text-align: center;\">Outfit von G-Star<\/h4>\n<p>&nbsp;<\/p>\n<p style=\"text-align: center;\"><img loading=\"lazy\" decoding=\"async\" class=\"alignnone size-full wp-image-4150 aligncenter\" src=\"https:\/\/kaufhaus-tyrol.at\/wp-content\/uploads\/2018\/12\/Kaufhaus-Tyrol-Blog-Outfits-Weihnachten-Festive-Season2.jpg\" alt=\"Festive Season - Weihnachtsoutfits aus dem Kaufhaus Tyrol\" width=\"500\" height=\"850\" srcset=\"https:\/\/kaufhaus-tyrol.at\/wp-content\/uploads\/2018\/12\/Kaufhaus-Tyrol-Blog-Outfits-Weihnachten-Festive-Season2.jpg 500w, https:\/\/kaufhaus-tyrol.at\/wp-content\/uploads\/2018\/12\/Kaufhaus-Tyrol-Blog-Outfits-Weihnachten-Festive-Season2-176x300.jpg 176w\" sizes=\"(max-width: 500px) 100vw, 500px\" \/><\/p>\n<h4><\/h4>\n<h4 style=\"text-align: center;\">Outfit von Esprit<\/h4>\n<p>&nbsp;<\/p>\n<p style=\"text-align: center;\"><img loading=\"lazy\" decoding=\"async\" class=\"size-full wp-image-4162 aligncenter\" src=\"https:\/\/kaufhaus-tyrol.at\/wp-content\/uploads\/2018\/12\/Kaufhaus-Tyrol-Blog-Outfits-Weihnachten-Festive-Season6.jpg\" alt=\"Festive Season - Weihnachtsoutfits aus dem Kaufhaus Tyrol\" width=\"500\" height=\"850\" srcset=\"https:\/\/kaufhaus-tyrol.at\/wp-content\/uploads\/2018\/12\/Kaufhaus-Tyrol-Blog-Outfits-Weihnachten-Festive-Season6.jpg 500w, https:\/\/kaufhaus-tyrol.at\/wp-content\/uploads\/2018\/12\/Kaufhaus-Tyrol-Blog-Outfits-Weihnachten-Festive-Season6-176x300.jpg 176w\" sizes=\"(max-width: 500px) 100vw, 500px\" \/><\/p>\n<h4><\/h4>\n<h4 style=\"text-align: center;\">Outfit von Cuprum 29<\/h4>\n<p>&nbsp;<\/p>\n<h4 style=\"text-align: center;\"><img loading=\"lazy\" decoding=\"async\" class=\"size-full wp-image-4176 aligncenter\" src=\"https:\/\/kaufhaus-tyrol.at\/wp-content\/uploads\/2018\/12\/Kaufhaus-Tyrol-Blog-Outfits-Weihnachten-Festive-Season9.jpg\" alt=\"\" width=\"500\" height=\"850\" srcset=\"https:\/\/kaufhaus-tyrol.at\/wp-content\/uploads\/2018\/12\/Kaufhaus-Tyrol-Blog-Outfits-Weihnachten-Festive-Season9.jpg 500w, https:\/\/kaufhaus-tyrol.at\/wp-content\/uploads\/2018\/12\/Kaufhaus-Tyrol-Blog-Outfits-Weihnachten-Festive-Season9-176x300.jpg 176w\" sizes=\"(max-width: 500px) 100vw, 500px\" \/><\/h4>\n<h4><\/h4>\n<h4 style=\"text-align: center;\">Outfit von LEVIS<\/h4>\n<p>&nbsp;<\/p>\n<p style=\"text-align: center;\"><img loading=\"lazy\" decoding=\"async\" class=\"size-full wp-image-4156 aligncenter\" src=\"https:\/\/kaufhaus-tyrol.at\/wp-content\/uploads\/2018\/12\/Kaufhaus-Tyrol-Blog-Outfits-Weihnachten-Festive-Season4.jpg\" alt=\"Festive Season - Weihnachtsoutfits aus dem Kaufhaus Tyrol\" width=\"500\" height=\"850\" srcset=\"https:\/\/kaufhaus-tyrol.at\/wp-content\/uploads\/2018\/12\/Kaufhaus-Tyrol-Blog-Outfits-Weihnachten-Festive-Season4.jpg 500w, https:\/\/kaufhaus-tyrol.at\/wp-content\/uploads\/2018\/12\/Kaufhaus-Tyrol-Blog-Outfits-Weihnachten-Festive-Season4-176x300.jpg 176w\" sizes=\"(max-width: 500px) 100vw, 500px\" \/><\/p>\n<h4><\/h4>\n<h4 style=\"text-align: center;\">Outfit von COS<\/h4>\n<p>&nbsp;<\/p>\n<p style=\"text-align: center;\"><img loading=\"lazy\" decoding=\"async\" class=\"size-full wp-image-4168 aligncenter\" src=\"https:\/\/kaufhaus-tyrol.at\/wp-content\/uploads\/2018\/12\/Kaufhaus-Tyrol-Blog-Outfits-Weihnachten-Festive-Season8.jpg\" alt=\"Festive Season - Weihnachtsoutfits aus dem Kaufhaus Tyrol\" width=\"500\" height=\"850\" srcset=\"https:\/\/kaufhaus-tyrol.at\/wp-content\/uploads\/2018\/12\/Kaufhaus-Tyrol-Blog-Outfits-Weihnachten-Festive-Season8.jpg 500w, https:\/\/kaufhaus-tyrol.at\/wp-content\/uploads\/2018\/12\/Kaufhaus-Tyrol-Blog-Outfits-Weihnachten-Festive-Season8-176x300.jpg 176w\" sizes=\"(max-width: 500px) 100vw, 500px\" \/><\/p>\n<h4><\/h4>\n<h4 style=\"text-align: center;\">Outfit von s.Oliver<\/h4>\n<p>&nbsp;<\/p>\n<p style=\"text-align: center;\"><img loading=\"lazy\" decoding=\"async\" class=\"size-full wp-image-4153 aligncenter\" src=\"https:\/\/kaufhaus-tyrol.at\/wp-content\/uploads\/2018\/12\/Kaufhaus-Tyrol-Blog-Outfits-Weihnachten-Festive-Season3.jpg\" alt=\"Festive Season - Weihnachtsoutfits aus dem Kaufhaus Tyrol\" width=\"500\" height=\"850\" srcset=\"https:\/\/kaufhaus-tyrol.at\/wp-content\/uploads\/2018\/12\/Kaufhaus-Tyrol-Blog-Outfits-Weihnachten-Festive-Season3.jpg 500w, https:\/\/kaufhaus-tyrol.at\/wp-content\/uploads\/2018\/12\/Kaufhaus-Tyrol-Blog-Outfits-Weihnachten-Festive-Season3-176x300.jpg 176w\" sizes=\"(max-width: 500px) 100vw, 500px\" \/><\/p>\n<h4><\/h4>\n<h4 style=\"text-align: center;\">Outfits von Peek &amp; Cloppenburg<\/h4>\n<p>&nbsp;<\/p>\n<h4 style=\"text-align: center;\"><img loading=\"lazy\" decoding=\"async\" class=\"alignnone size-full wp-image-4144 aligncenter\" src=\"https:\/\/kaufhaus-tyrol.at\/wp-content\/uploads\/2018\/12\/Kaufhaus-Tyrol-Blog-Outfits-Weihnachten-Festive-Season.jpg\" alt=\"Festive Season - Weihnachtsoutfits aus dem Kaufhaus Tyrol\" width=\"850\" height=\"500\" srcset=\"https:\/\/kaufhaus-tyrol.at\/wp-content\/uploads\/2018\/12\/Kaufhaus-Tyrol-Blog-Outfits-Weihnachten-Festive-Season.jpg 850w, https:\/\/kaufhaus-tyrol.at\/wp-content\/uploads\/2018\/12\/Kaufhaus-Tyrol-Blog-Outfits-Weihnachten-Festive-Season-300x176.jpg 300w, https:\/\/kaufhaus-tyrol.at\/wp-content\/uploads\/2018\/12\/Kaufhaus-Tyrol-Blog-Outfits-Weihnachten-Festive-Season-768x452.jpg 768w\" sizes=\"(max-width: 850px) 100vw, 850px\" \/><\/h4>\n<p>[\/vc_column_text][\/vc_column][vc_column][\/vc_column][\/vc_row]<\/p>\n<\/div>","protected":false},"excerpt":{"rendered":"<p>[vc_row][vc_column][vc_column_text]Von festlich bis leger &#8211; wir haben die sch\u00f6nsten Outfits aus dem Kaufhaus Tyrol f\u00fcr die anstehenden Weihnachtsfeierlichkeiten f\u00fcr euch zusammen gestellt. Die Bilder unserer aktuellen Modestrecke entstanden in den angesagten R\u00e4umlichkeiten des Pop Down Hotels im Zillertal. Outfit von Massimo Dutti &nbsp; Outfit von rebekka ru\u00e9tz &nbsp; Outfits von ONLY und Jack &amp; Jones<\/p>\n","protected":false},"author":5023,"featured_media":4171,"comment_status":"open","ping_status":"closed","sticky":false,"template":"","format":"standard","meta":{"_acf_changed":false,"inline_featured_image":false,"footnotes":""},"categories":[4],"tags":[],"acf":[],"yoast_head":"<!-- This site is optimized with the Yoast SEO plugin v23.5 - https:\/\/yoast.com\/wordpress\/plugins\/seo\/ -->\n<title>Festive Season - Kaufhaus Tyrol<\/title>\n<meta name=\"robots\" content=\"index, follow, max-snippet:-1, max-image-preview:large, max-video-preview:-1\" \/>\n<link rel=\"canonical\" href=\"https:\/\/kaufhaus-tyrol.at\/de\/fashion\/festive-season\/\" \/>\n<meta property=\"og:locale\" content=\"de_DE\" \/>\n<meta property=\"og:type\" content=\"article\" \/>\n<meta property=\"og:title\" content=\"Festive Season - Kaufhaus Tyrol\" \/>\n<meta property=\"og:description\" content=\"[vc_row][vc_column][vc_column_text]Von festlich bis leger &#8211; wir haben die sch\u00f6nsten Outfits aus dem Kaufhaus Tyrol f\u00fcr die anstehenden Weihnachtsfeierlichkeiten f\u00fcr euch zusammen gestellt. Die Bilder unserer aktuellen Modestrecke entstanden in den angesagten R\u00e4umlichkeiten des Pop Down Hotels im Zillertal. Outfit von Massimo Dutti &nbsp; Outfit von rebekka ru\u00e9tz &nbsp; Outfits von ONLY und Jack &amp; Jones\" \/>\n<meta property=\"og:url\" content=\"https:\/\/kaufhaus-tyrol.at\/de\/fashion\/festive-season\/\" \/>\n<meta property=\"og:site_name\" content=\"Kaufhaus Tyrol\" \/>\n<meta property=\"article:publisher\" content=\"https:\/\/www.facebook.com\/kaufhaustyrol\/\" \/>\n<meta property=\"article:published_time\" content=\"2018-12-19T15:04:55+00:00\" \/>\n<meta property=\"article:modified_time\" content=\"2018-12-19T15:31:29+00:00\" \/>\n<meta property=\"og:image\" content=\"https:\/\/kaufhaus-tyrol.at\/wp-content\/uploads\/2018\/12\/Kaufhaus-Tyrol-Blog-Outfits-Weihnachten-Festive-Season-Titel.jpg\" \/>\n\t<meta property=\"og:image:width\" content=\"1920\" \/>\n\t<meta property=\"og:image:height\" content=\"652\" \/>\n\t<meta property=\"og:image:type\" content=\"image\/jpeg\" \/>\n<meta name=\"author\" content=\"Melanie Rath\" \/>\n<meta name=\"twitter:card\" content=\"summary_large_image\" \/>\n<meta name=\"twitter:label1\" content=\"Verfasst von\" \/>\n\t<meta name=\"twitter:data1\" content=\"Melanie Rath\" \/>\n\t<meta name=\"twitter:label2\" content=\"Gesch\u00e4tzte Lesezeit\" \/>\n\t<meta name=\"twitter:data2\" content=\"1\u00a0Minute\" \/>\n<script type=\"application\/ld+json\" class=\"yoast-schema-graph\">{\"@context\":\"https:\/\/schema.org\",\"@graph\":[{\"@type\":\"WebPage\",\"@id\":\"https:\/\/kaufhaus-tyrol.at\/de\/fashion\/festive-season\/\",\"url\":\"https:\/\/kaufhaus-tyrol.at\/de\/fashion\/festive-season\/\",\"name\":\"Festive Season - Kaufhaus Tyrol\",\"isPartOf\":{\"@id\":\"https:\/\/kaufhaus-tyrol.at\/de\/#website\"},\"primaryImageOfPage\":{\"@id\":\"https:\/\/kaufhaus-tyrol.at\/de\/fashion\/festive-season\/#primaryimage\"},\"image\":{\"@id\":\"https:\/\/kaufhaus-tyrol.at\/de\/fashion\/festive-season\/#primaryimage\"},\"thumbnailUrl\":\"https:\/\/kaufhaus-tyrol.at\/wp-content\/uploads\/2018\/12\/Kaufhaus-Tyrol-Blog-Outfits-Weihnachten-Festive-Season-Titel.jpg\",\"datePublished\":\"2018-12-19T15:04:55+00:00\",\"dateModified\":\"2018-12-19T15:31:29+00:00\",\"author\":{\"@id\":\"https:\/\/kaufhaus-tyrol.at\/de\/#\/schema\/person\/32367013f669f5f4e54b19a1b10d8a7d\"},\"breadcrumb\":{\"@id\":\"https:\/\/kaufhaus-tyrol.at\/de\/fashion\/festive-season\/#breadcrumb\"},\"inLanguage\":\"de\",\"potentialAction\":[{\"@type\":\"ReadAction\",\"target\":[\"https:\/\/kaufhaus-tyrol.at\/de\/fashion\/festive-season\/\"]}]},{\"@type\":\"ImageObject\",\"inLanguage\":\"de\",\"@id\":\"https:\/\/kaufhaus-tyrol.at\/de\/fashion\/festive-season\/#primaryimage\",\"url\":\"https:\/\/kaufhaus-tyrol.at\/wp-content\/uploads\/2018\/12\/Kaufhaus-Tyrol-Blog-Outfits-Weihnachten-Festive-Season-Titel.jpg\",\"contentUrl\":\"https:\/\/kaufhaus-tyrol.at\/wp-content\/uploads\/2018\/12\/Kaufhaus-Tyrol-Blog-Outfits-Weihnachten-Festive-Season-Titel.jpg\",\"width\":1920,\"height\":652,\"caption\":\"Festive Season - Weihnachtsoutfits aus dem Kaufhaus Tyrol\"},{\"@type\":\"BreadcrumbList\",\"@id\":\"https:\/\/kaufhaus-tyrol.at\/de\/fashion\/festive-season\/#breadcrumb\",\"itemListElement\":[{\"@type\":\"ListItem\",\"position\":1,\"name\":\"Home\",\"item\":\"https:\/\/kaufhaus-tyrol.at\/de\/\"},{\"@type\":\"ListItem\",\"position\":2,\"name\":\"Festive Season\"}]},{\"@type\":\"WebSite\",\"@id\":\"https:\/\/kaufhaus-tyrol.at\/de\/#website\",\"url\":\"https:\/\/kaufhaus-tyrol.at\/de\/\",\"name\":\"Kaufhaus Tyrol\",\"description\":\"Shopping im Herzen von Innsbruck\",\"potentialAction\":[{\"@type\":\"SearchAction\",\"target\":{\"@type\":\"EntryPoint\",\"urlTemplate\":\"https:\/\/kaufhaus-tyrol.at\/de\/?s={search_term_string}\"},\"query-input\":{\"@type\":\"PropertyValueSpecification\",\"valueRequired\":true,\"valueName\":\"search_term_string\"}}],\"inLanguage\":\"de\"},{\"@type\":\"Person\",\"@id\":\"https:\/\/kaufhaus-tyrol.at\/de\/#\/schema\/person\/32367013f669f5f4e54b19a1b10d8a7d\",\"name\":\"Melanie Rath\",\"image\":{\"@type\":\"ImageObject\",\"inLanguage\":\"de\",\"@id\":\"https:\/\/kaufhaus-tyrol.at\/de\/#\/schema\/person\/image\/\",\"url\":\"https:\/\/secure.gravatar.com\/avatar\/8616faa6fd071f8e5e1aae5767b50aa0?s=96&d=mm&r=g\",\"contentUrl\":\"https:\/\/secure.gravatar.com\/avatar\/8616faa6fd071f8e5e1aae5767b50aa0?s=96&d=mm&r=g\",\"caption\":\"Melanie Rath\"}}]}<\/script>\n<!-- \/ Yoast SEO plugin. -->","yoast_head_json":{"title":"Festive Season - Kaufhaus Tyrol","robots":{"index":"index","follow":"follow","max-snippet":"max-snippet:-1","max-image-preview":"max-image-preview:large","max-video-preview":"max-video-preview:-1"},"canonical":"https:\/\/kaufhaus-tyrol.at\/de\/fashion\/festive-season\/","og_locale":"de_DE","og_type":"article","og_title":"Festive Season - Kaufhaus Tyrol","og_description":"[vc_row][vc_column][vc_column_text]Von festlich bis leger &#8211; wir haben die sch\u00f6nsten Outfits aus dem Kaufhaus Tyrol f\u00fcr die anstehenden Weihnachtsfeierlichkeiten f\u00fcr euch zusammen gestellt. Die Bilder unserer aktuellen Modestrecke entstanden in den angesagten R\u00e4umlichkeiten des Pop Down Hotels im Zillertal. Outfit von Massimo Dutti &nbsp; Outfit von rebekka ru\u00e9tz &nbsp; Outfits von ONLY und Jack &amp; Jones","og_url":"https:\/\/kaufhaus-tyrol.at\/de\/fashion\/festive-season\/","og_site_name":"Kaufhaus Tyrol","article_publisher":"https:\/\/www.facebook.com\/kaufhaustyrol\/","article_published_time":"2018-12-19T15:04:55+00:00","article_modified_time":"2018-12-19T15:31:29+00:00","og_image":[{"width":1920,"height":652,"url":"https:\/\/kaufhaus-tyrol.at\/wp-content\/uploads\/2018\/12\/Kaufhaus-Tyrol-Blog-Outfits-Weihnachten-Festive-Season-Titel.jpg","type":"image\/jpeg"}],"author":"Melanie Rath","twitter_card":"summary_large_image","twitter_misc":{"Verfasst von":"Melanie Rath","Gesch\u00e4tzte Lesezeit":"1\u00a0Minute"},"schema":{"@context":"https:\/\/schema.org","@graph":[{"@type":"WebPage","@id":"https:\/\/kaufhaus-tyrol.at\/de\/fashion\/festive-season\/","url":"https:\/\/kaufhaus-tyrol.at\/de\/fashion\/festive-season\/","name":"Festive Season - Kaufhaus Tyrol","isPartOf":{"@id":"https:\/\/kaufhaus-tyrol.at\/de\/#website"},"primaryImageOfPage":{"@id":"https:\/\/kaufhaus-tyrol.at\/de\/fashion\/festive-season\/#primaryimage"},"image":{"@id":"https:\/\/kaufhaus-tyrol.at\/de\/fashion\/festive-season\/#primaryimage"},"thumbnailUrl":"https:\/\/kaufhaus-tyrol.at\/wp-content\/uploads\/2018\/12\/Kaufhaus-Tyrol-Blog-Outfits-Weihnachten-Festive-Season-Titel.jpg","datePublished":"2018-12-19T15:04:55+00:00","dateModified":"2018-12-19T15:31:29+00:00","author":{"@id":"https:\/\/kaufhaus-tyrol.at\/de\/#\/schema\/person\/32367013f669f5f4e54b19a1b10d8a7d"},"breadcrumb":{"@id":"https:\/\/kaufhaus-tyrol.at\/de\/fashion\/festive-season\/#breadcrumb"},"inLanguage":"de","potentialAction":[{"@type":"ReadAction","target":["https:\/\/kaufhaus-tyrol.at\/de\/fashion\/festive-season\/"]}]},{"@type":"ImageObject","inLanguage":"de","@id":"https:\/\/kaufhaus-tyrol.at\/de\/fashion\/festive-season\/#primaryimage","url":"https:\/\/kaufhaus-tyrol.at\/wp-content\/uploads\/2018\/12\/Kaufhaus-Tyrol-Blog-Outfits-Weihnachten-Festive-Season-Titel.jpg","contentUrl":"https:\/\/kaufhaus-tyrol.at\/wp-content\/uploads\/2018\/12\/Kaufhaus-Tyrol-Blog-Outfits-Weihnachten-Festive-Season-Titel.jpg","width":1920,"height":652,"caption":"Festive Season - Weihnachtsoutfits aus dem Kaufhaus Tyrol"},{"@type":"BreadcrumbList","@id":"https:\/\/kaufhaus-tyrol.at\/de\/fashion\/festive-season\/#breadcrumb","itemListElement":[{"@type":"ListItem","position":1,"name":"Home","item":"https:\/\/kaufhaus-tyrol.at\/de\/"},{"@type":"ListItem","position":2,"name":"Festive Season"}]},{"@type":"WebSite","@id":"https:\/\/kaufhaus-tyrol.at\/de\/#website","url":"https:\/\/kaufhaus-tyrol.at\/de\/","name":"Kaufhaus Tyrol","description":"Shopping im Herzen von Innsbruck","potentialAction":[{"@type":"SearchAction","target":{"@type":"EntryPoint","urlTemplate":"https:\/\/kaufhaus-tyrol.at\/de\/?s={search_term_string}"},"query-input":{"@type":"PropertyValueSpecification","valueRequired":true,"valueName":"search_term_string"}}],"inLanguage":"de"},{"@type":"Person","@id":"https:\/\/kaufhaus-tyrol.at\/de\/#\/schema\/person\/32367013f669f5f4e54b19a1b10d8a7d","name":"Melanie Rath","image":{"@type":"ImageObject","inLanguage":"de","@id":"https:\/\/kaufhaus-tyrol.at\/de\/#\/schema\/person\/image\/","url":"https:\/\/secure.gravatar.com\/avatar\/8616faa6fd071f8e5e1aae5767b50aa0?s=96&d=mm&r=g","contentUrl":"https:\/\/secure.gravatar.com\/avatar\/8616faa6fd071f8e5e1aae5767b50aa0?s=96&d=mm&r=g","caption":"Melanie Rath"}}]}},"_links":{"self":[{"href":"https:\/\/kaufhaus-tyrol.at\/de\/wp-json\/wp\/v2\/posts\/4143"}],"collection":[{"href":"https:\/\/kaufhaus-tyrol.at\/de\/wp-json\/wp\/v2\/posts"}],"about":[{"href":"https:\/\/kaufhaus-tyrol.at\/de\/wp-json\/wp\/v2\/types\/post"}],"author":[{"embeddable":true,"href":"https:\/\/kaufhaus-tyrol.at\/de\/wp-json\/wp\/v2\/users\/5023"}],"replies":[{"embeddable":true,"href":"https:\/\/kaufhaus-tyrol.at\/de\/wp-json\/wp\/v2\/comments?post=4143"}],"version-history":[{"count":5,"href":"https:\/\/kaufhaus-tyrol.at\/de\/wp-json\/wp\/v2\/posts\/4143\/revisions"}],"predecessor-version":[{"id":4182,"href":"https:\/\/kaufhaus-tyrol.at\/de\/wp-json\/wp\/v2\/posts\/4143\/revisions\/4182"}],"wp:featuredmedia":[{"embeddable":true,"href":"https:\/\/kaufhaus-tyrol.at\/de\/wp-json\/wp\/v2\/media\/4171"}],"wp:attachment":[{"href":"https:\/\/kaufhaus-tyrol.at\/de\/wp-json\/wp\/v2\/media?parent=4143"}],"wp:term":[{"taxonomy":"category","embeddable":true,"href":"https:\/\/kaufhaus-tyrol.at\/de\/wp-json\/wp\/v2\/categories?post=4143"},{"taxonomy":"post_tag","embeddable":true,"href":"https:\/\/kaufhaus-tyrol.at\/de\/wp-json\/wp\/v2\/tags?post=4143"}],"curies":[{"name":"wp","href":"https:\/\/api.w.org\/{rel}","templated":true}]}}