{"id":7537,"date":"2019-12-06T15:00:03","date_gmt":"2019-12-06T14:00:03","guid":{"rendered":"https:\/\/www.kaufhaus-tyrol.at\/?p=7537"},"modified":"2019-12-18T07:35:03","modified_gmt":"2019-12-18T06:35:03","slug":"weihnachten-festliche-looks-fuer-die-feiertage","status":"publish","type":"post","link":"https:\/\/kaufhaus-tyrol.at\/de\/fashion\/weihnachten-festliche-looks-fuer-die-feiertage\/","title":{"rendered":"Weihnachten: Festliche Looks f\u00fcr die Feiertage"},"content":{"rendered":"<p>Mit der Weihnachtszeit zieht gleichzeitig auch wieder die Zeit der festlichen Anl\u00e4sse ins Land: von Weihnachtsfeiern, \u00fcber festliche Abendessen mit Freunden oder den legeren Bruch mit der Familie. Je nach Event werden die verschiedensten Looks\u00a0 ben\u00f6tigt, schon klar, dass die Ideen f\u00fcr besondere Looks auch schnell mal ausgehen k\u00f6nnen. Wer sich auf die anstehende Party-Saison vorbereiten m\u00f6chte, sollte unbedingt weiter scrollen. Denn wir haben festliche Looks f\u00fcr die Feiertage aus dem Kaufhaus Tyrol f\u00fcr euch zusammen gestellt. Von leger bis festlich ist f\u00fcr jeden Geschmack etwas dabei.<\/p>\n<h4>Outfit von Levis<\/h4>\n<p><img loading=\"lazy\" decoding=\"async\" class=\"alignnone size-full wp-image-7541\" src=\"https:\/\/kaufhaus-tyrol.at\/wp-content\/uploads\/2019\/12\/kaufhaus-tyrol-weihnachtsoutfit-festive-season-2.jpg\" alt=\"Festive Season - Weihnachtsoutfits\" width=\"850\" height=\"1275\" srcset=\"https:\/\/kaufhaus-tyrol.at\/wp-content\/uploads\/2019\/12\/kaufhaus-tyrol-weihnachtsoutfit-festive-season-2.jpg 850w, https:\/\/kaufhaus-tyrol.at\/wp-content\/uploads\/2019\/12\/kaufhaus-tyrol-weihnachtsoutfit-festive-season-2-200x300.jpg 200w, https:\/\/kaufhaus-tyrol.at\/wp-content\/uploads\/2019\/12\/kaufhaus-tyrol-weihnachtsoutfit-festive-season-2-768x1152.jpg 768w, https:\/\/kaufhaus-tyrol.at\/wp-content\/uploads\/2019\/12\/kaufhaus-tyrol-weihnachtsoutfit-festive-season-2-683x1024.jpg 683w\" sizes=\"(max-width: 850px) 100vw, 850px\" \/><\/p>\n<p>&nbsp;<\/p>\n<h4>Outfit von s.Oliver<\/h4>\n<p><img loading=\"lazy\" decoding=\"async\" class=\"alignnone size-full wp-image-7538\" src=\"https:\/\/kaufhaus-tyrol.at\/wp-content\/uploads\/2019\/12\/kaufhaus-tyrol-weihnachtsoutfit-festive-season-1.jpg\" alt=\"Festive Season - Weihnachtsoutfits\" width=\"850\" height=\"1275\" srcset=\"https:\/\/kaufhaus-tyrol.at\/wp-content\/uploads\/2019\/12\/kaufhaus-tyrol-weihnachtsoutfit-festive-season-1.jpg 850w, https:\/\/kaufhaus-tyrol.at\/wp-content\/uploads\/2019\/12\/kaufhaus-tyrol-weihnachtsoutfit-festive-season-1-200x300.jpg 200w, https:\/\/kaufhaus-tyrol.at\/wp-content\/uploads\/2019\/12\/kaufhaus-tyrol-weihnachtsoutfit-festive-season-1-768x1152.jpg 768w, https:\/\/kaufhaus-tyrol.at\/wp-content\/uploads\/2019\/12\/kaufhaus-tyrol-weihnachtsoutfit-festive-season-1-683x1024.jpg 683w\" sizes=\"(max-width: 850px) 100vw, 850px\" \/><\/p>\n<p>&nbsp;<\/p>\n<h4>Outfit von G-Star<\/h4>\n<p><img loading=\"lazy\" decoding=\"async\" class=\"alignnone size-full wp-image-7547\" src=\"https:\/\/kaufhaus-tyrol.at\/wp-content\/uploads\/2019\/12\/kaufhaus-tyrol-weihnachtsoutfit-festive-season-4.jpg\" alt=\"Festive Season - Weihnachtsoutfits\" width=\"850\" height=\"1275\" srcset=\"https:\/\/kaufhaus-tyrol.at\/wp-content\/uploads\/2019\/12\/kaufhaus-tyrol-weihnachtsoutfit-festive-season-4.jpg 850w, https:\/\/kaufhaus-tyrol.at\/wp-content\/uploads\/2019\/12\/kaufhaus-tyrol-weihnachtsoutfit-festive-season-4-200x300.jpg 200w, https:\/\/kaufhaus-tyrol.at\/wp-content\/uploads\/2019\/12\/kaufhaus-tyrol-weihnachtsoutfit-festive-season-4-768x1152.jpg 768w, https:\/\/kaufhaus-tyrol.at\/wp-content\/uploads\/2019\/12\/kaufhaus-tyrol-weihnachtsoutfit-festive-season-4-683x1024.jpg 683w\" sizes=\"(max-width: 850px) 100vw, 850px\" \/><\/p>\n<p>&nbsp;<\/p>\n<h4>Outfit von Esprit<\/h4>\n<p><img loading=\"lazy\" decoding=\"async\" class=\"alignnone size-full wp-image-7544\" src=\"https:\/\/kaufhaus-tyrol.at\/wp-content\/uploads\/2019\/12\/kaufhaus-tyrol-weihnachtsoutfit-festive-season-3.jpg\" alt=\"Festive Season - Weihnachtsoutfits\" width=\"850\" height=\"1275\" srcset=\"https:\/\/kaufhaus-tyrol.at\/wp-content\/uploads\/2019\/12\/kaufhaus-tyrol-weihnachtsoutfit-festive-season-3.jpg 850w, https:\/\/kaufhaus-tyrol.at\/wp-content\/uploads\/2019\/12\/kaufhaus-tyrol-weihnachtsoutfit-festive-season-3-200x300.jpg 200w, https:\/\/kaufhaus-tyrol.at\/wp-content\/uploads\/2019\/12\/kaufhaus-tyrol-weihnachtsoutfit-festive-season-3-768x1152.jpg 768w, https:\/\/kaufhaus-tyrol.at\/wp-content\/uploads\/2019\/12\/kaufhaus-tyrol-weihnachtsoutfit-festive-season-3-683x1024.jpg 683w\" sizes=\"(max-width: 850px) 100vw, 850px\" \/><\/p>\n<p>&nbsp;<\/p>\n<h4>Outfit von ONLY und Jack &amp; Jones<\/h4>\n<p><img loading=\"lazy\" decoding=\"async\" class=\"alignnone size-full wp-image-7550\" src=\"https:\/\/kaufhaus-tyrol.at\/wp-content\/uploads\/2019\/12\/kaufhaus-tyrol-weihnachtsoutfit-festive-season-5.jpg\" alt=\"Festive Season - Weihnachtsoutfits\" width=\"850\" height=\"567\" srcset=\"https:\/\/kaufhaus-tyrol.at\/wp-content\/uploads\/2019\/12\/kaufhaus-tyrol-weihnachtsoutfit-festive-season-5.jpg 850w, https:\/\/kaufhaus-tyrol.at\/wp-content\/uploads\/2019\/12\/kaufhaus-tyrol-weihnachtsoutfit-festive-season-5-300x200.jpg 300w, https:\/\/kaufhaus-tyrol.at\/wp-content\/uploads\/2019\/12\/kaufhaus-tyrol-weihnachtsoutfit-festive-season-5-768x512.jpg 768w\" sizes=\"(max-width: 850px) 100vw, 850px\" \/><\/p>\n<p>&nbsp;<\/p>\n<h4>Outfit von Rebekka Ru\u00e9tz<\/h4>\n<p><img loading=\"lazy\" decoding=\"async\" class=\"alignnone size-full wp-image-7556\" src=\"https:\/\/kaufhaus-tyrol.at\/wp-content\/uploads\/2019\/12\/kaufhaus-tyrol-weihnachtsoutfit-festive-season-7.jpg\" alt=\"Festive Season - Weihnachtsoutfits\" width=\"850\" height=\"1275\" srcset=\"https:\/\/kaufhaus-tyrol.at\/wp-content\/uploads\/2019\/12\/kaufhaus-tyrol-weihnachtsoutfit-festive-season-7.jpg 850w, https:\/\/kaufhaus-tyrol.at\/wp-content\/uploads\/2019\/12\/kaufhaus-tyrol-weihnachtsoutfit-festive-season-7-200x300.jpg 200w, https:\/\/kaufhaus-tyrol.at\/wp-content\/uploads\/2019\/12\/kaufhaus-tyrol-weihnachtsoutfit-festive-season-7-768x1152.jpg 768w, https:\/\/kaufhaus-tyrol.at\/wp-content\/uploads\/2019\/12\/kaufhaus-tyrol-weihnachtsoutfit-festive-season-7-683x1024.jpg 683w\" sizes=\"(max-width: 850px) 100vw, 850px\" \/><\/p>\n<p>&nbsp;<\/p>\n<h4>Outfit von Cuprum 29<\/h4>\n<p><img loading=\"lazy\" decoding=\"async\" class=\"alignnone size-full wp-image-7553\" src=\"https:\/\/kaufhaus-tyrol.at\/wp-content\/uploads\/2019\/12\/kaufhaus-tyrol-weihnachtsoutfit-festive-season-6.jpg\" alt=\"Festive Season - Weihnachtsoutfits\" width=\"850\" height=\"1275\" srcset=\"https:\/\/kaufhaus-tyrol.at\/wp-content\/uploads\/2019\/12\/kaufhaus-tyrol-weihnachtsoutfit-festive-season-6.jpg 850w, https:\/\/kaufhaus-tyrol.at\/wp-content\/uploads\/2019\/12\/kaufhaus-tyrol-weihnachtsoutfit-festive-season-6-200x300.jpg 200w, https:\/\/kaufhaus-tyrol.at\/wp-content\/uploads\/2019\/12\/kaufhaus-tyrol-weihnachtsoutfit-festive-season-6-768x1152.jpg 768w, https:\/\/kaufhaus-tyrol.at\/wp-content\/uploads\/2019\/12\/kaufhaus-tyrol-weihnachtsoutfit-festive-season-6-683x1024.jpg 683w\" sizes=\"(max-width: 850px) 100vw, 850px\" \/><\/p>\n<p>&nbsp;<\/p>\n<h4>Outfit von COS<\/h4>\n<p><img loading=\"lazy\" decoding=\"async\" class=\"alignnone size-full wp-image-7565\" src=\"https:\/\/kaufhaus-tyrol.at\/wp-content\/uploads\/2019\/12\/kaufhaus-tyrol-weihnachtsoutfit-festive-season-10.jpg\" alt=\"Festive Season - Weihnachtsoutfits\" width=\"850\" height=\"1275\" srcset=\"https:\/\/kaufhaus-tyrol.at\/wp-content\/uploads\/2019\/12\/kaufhaus-tyrol-weihnachtsoutfit-festive-season-10.jpg 850w, https:\/\/kaufhaus-tyrol.at\/wp-content\/uploads\/2019\/12\/kaufhaus-tyrol-weihnachtsoutfit-festive-season-10-200x300.jpg 200w, https:\/\/kaufhaus-tyrol.at\/wp-content\/uploads\/2019\/12\/kaufhaus-tyrol-weihnachtsoutfit-festive-season-10-768x1152.jpg 768w, https:\/\/kaufhaus-tyrol.at\/wp-content\/uploads\/2019\/12\/kaufhaus-tyrol-weihnachtsoutfit-festive-season-10-683x1024.jpg 683w\" sizes=\"(max-width: 850px) 100vw, 850px\" \/><\/p>\n<p>&nbsp;<\/p>\n<h4>Outfit von COS<\/h4>\n<p><img loading=\"lazy\" decoding=\"async\" class=\"alignnone size-full wp-image-7562\" src=\"https:\/\/kaufhaus-tyrol.at\/wp-content\/uploads\/2019\/12\/kaufhaus-tyrol-weihnachtsoutfit-festive-season-9.jpg\" alt=\"Festive Season - Weihnachtsoutfits\" width=\"850\" height=\"1275\" srcset=\"https:\/\/kaufhaus-tyrol.at\/wp-content\/uploads\/2019\/12\/kaufhaus-tyrol-weihnachtsoutfit-festive-season-9.jpg 850w, https:\/\/kaufhaus-tyrol.at\/wp-content\/uploads\/2019\/12\/kaufhaus-tyrol-weihnachtsoutfit-festive-season-9-200x300.jpg 200w, https:\/\/kaufhaus-tyrol.at\/wp-content\/uploads\/2019\/12\/kaufhaus-tyrol-weihnachtsoutfit-festive-season-9-768x1152.jpg 768w, https:\/\/kaufhaus-tyrol.at\/wp-content\/uploads\/2019\/12\/kaufhaus-tyrol-weihnachtsoutfit-festive-season-9-683x1024.jpg 683w\" sizes=\"(max-width: 850px) 100vw, 850px\" \/><\/p>\n<p>&nbsp;<\/p>\n<h4>Outfit von Peek &amp; Cloppenburg<\/h4>\n<p><img loading=\"lazy\" decoding=\"async\" class=\"alignnone size-full wp-image-7559\" src=\"https:\/\/kaufhaus-tyrol.at\/wp-content\/uploads\/2019\/12\/kaufhaus-tyrol-weihnachtsoutfit-festive-season-8.jpg\" alt=\"Festive Season - Weihnachtsoutfits\" width=\"850\" height=\"567\" srcset=\"https:\/\/kaufhaus-tyrol.at\/wp-content\/uploads\/2019\/12\/kaufhaus-tyrol-weihnachtsoutfit-festive-season-8.jpg 850w, https:\/\/kaufhaus-tyrol.at\/wp-content\/uploads\/2019\/12\/kaufhaus-tyrol-weihnachtsoutfit-festive-season-8-300x200.jpg 300w, https:\/\/kaufhaus-tyrol.at\/wp-content\/uploads\/2019\/12\/kaufhaus-tyrol-weihnachtsoutfit-festive-season-8-768x512.jpg 768w\" sizes=\"(max-width: 850px) 100vw, 850px\" \/><\/p>\n<p><em>Die Weihnachts-Looks aus dem Kaufhaus Tyrol wurden dieses Jahr im <a href=\"https:\/\/www.haus-der-musik-innsbruck.at\/\">Haus der Musik<\/a> in Innsbruck fotografiert.\u00a0<\/em><\/p>\n<p>&nbsp;<\/p>\n<div class=\"brlbs-cmpnt-container brlbs-cmpnt-content-blocker brlbs-cmpnt-with-individual-styles\" data-borlabs-cookie-content-blocker-id=\"default\" data-borlabs-cookie-content=\"PGlmcmFtZSBzcmM9Imh0dHBzOi8vd3d3LnlvdXR1YmUuY29tL2VtYmVkL0luSFA2YXNJeUFRIiB3aWR0aD0iNTYwIiBoZWlnaHQ9IjMxNSIgZnJhbWVib3JkZXI9IjAiIGFsbG93ZnVsbHNjcmVlbj0iYWxsb3dmdWxsc2NyZWVuIj48L2lmcmFtZT4=\">\n<div class=\"brlbs-cmpnt-cb-preset-a\">\n<p class=\"brlbs-cmpnt-cb-description\">Sie sehen gerade einen Platzhalterinhalt von <strong>Standard<\/strong>. Um auf den eigentlichen Inhalt zuzugreifen, klicken Sie auf den Button unten. Bitte beachten Sie, dass dabei Daten an Drittanbieter weitergegeben werden.<\/p>\n<div class=\"brlbs-cmpnt-cb-buttons\"> <a class=\"brlbs-cmpnt-cb-btn\" href=\"#\" data-borlabs-cookie-unblock role=\"button\">Inhalt entsperren<\/a> <a class=\"brlbs-cmpnt-cb-btn\" href=\"#\" data-borlabs-cookie-accept-service role=\"button\" style=\"display: none\">Erforderlichen Service akzeptieren und Inhalte entsperren<\/a> <\/div>\n<p> <a class=\"brlbs-cmpnt-cb-provider-toggle\" href=\"#\" data-borlabs-cookie-show-provider-information role=\"button\">Weitere Informationen<\/a> <\/div>\n<\/div>\n","protected":false},"excerpt":{"rendered":"<p>Mit der Weihnachtszeit zieht gleichzeitig auch wieder die Zeit der festlichen Anl\u00e4sse ins Land: von Weihnachtsfeiern, \u00fcber festliche Abendessen mit Freunden oder den legeren Bruch mit der Familie. Je nach Event werden die verschiedensten Looks\u00a0 ben\u00f6tigt, schon klar, dass die Ideen f\u00fcr besondere Looks auch schnell mal ausgehen k\u00f6nnen. Wer sich auf die anstehende Party-Saison<\/p>\n","protected":false},"author":5023,"featured_media":7577,"comment_status":"closed","ping_status":"closed","sticky":false,"template":"","format":"standard","meta":{"_acf_changed":false,"inline_featured_image":false,"footnotes":""},"categories":[4],"tags":[],"acf":[],"yoast_head":"<!-- This site is optimized with the Yoast SEO plugin v23.5 - https:\/\/yoast.com\/wordpress\/plugins\/seo\/ -->\n<title>Weihnachten: Festliche Looks f\u00fcr die Feiertage - Kaufhaus Tyrol<\/title>\n<meta name=\"robots\" content=\"index, follow, max-snippet:-1, max-image-preview:large, max-video-preview:-1\" \/>\n<link rel=\"canonical\" href=\"https:\/\/kaufhaus-tyrol.at\/de\/fashion\/weihnachten-festliche-looks-fuer-die-feiertage\/\" \/>\n<meta property=\"og:locale\" content=\"de_DE\" \/>\n<meta property=\"og:type\" content=\"article\" \/>\n<meta property=\"og:title\" content=\"Weihnachten: Festliche Looks f\u00fcr die Feiertage - Kaufhaus Tyrol\" \/>\n<meta property=\"og:description\" content=\"Mit der Weihnachtszeit zieht gleichzeitig auch wieder die Zeit der festlichen Anl\u00e4sse ins Land: von Weihnachtsfeiern, \u00fcber festliche Abendessen mit Freunden oder den legeren Bruch mit der Familie. Je nach Event werden die verschiedensten Looks\u00a0 ben\u00f6tigt, schon klar, dass die Ideen f\u00fcr besondere Looks auch schnell mal ausgehen k\u00f6nnen. Wer sich auf die anstehende Party-Saison\" \/>\n<meta property=\"og:url\" content=\"https:\/\/kaufhaus-tyrol.at\/de\/fashion\/weihnachten-festliche-looks-fuer-die-feiertage\/\" \/>\n<meta property=\"og:site_name\" content=\"Kaufhaus Tyrol\" \/>\n<meta property=\"article:publisher\" content=\"https:\/\/www.facebook.com\/kaufhaustyrol\/\" \/>\n<meta property=\"article:published_time\" content=\"2019-12-06T14:00:03+00:00\" \/>\n<meta property=\"article:modified_time\" content=\"2019-12-18T06:35:03+00:00\" \/>\n<meta property=\"og:image\" content=\"https:\/\/kaufhaus-tyrol.at\/wp-content\/uploads\/2019\/12\/kaufhaus-tyrol-weihnachtsoutfit-festive-season-titelbild1.jpg\" \/>\n\t<meta property=\"og:image:width\" content=\"4724\" \/>\n\t<meta property=\"og:image:height\" content=\"1604\" \/>\n\t<meta property=\"og:image:type\" content=\"image\/jpeg\" \/>\n<meta name=\"author\" content=\"Melanie Rath\" \/>\n<meta name=\"twitter:card\" content=\"summary_large_image\" \/>\n<meta name=\"twitter:label1\" content=\"Verfasst von\" \/>\n\t<meta name=\"twitter:data1\" content=\"Melanie Rath\" \/>\n\t<meta name=\"twitter:label2\" content=\"Gesch\u00e4tzte Lesezeit\" \/>\n\t<meta name=\"twitter:data2\" content=\"1\u00a0Minute\" \/>\n<script type=\"application\/ld+json\" class=\"yoast-schema-graph\">{\"@context\":\"https:\/\/schema.org\",\"@graph\":[{\"@type\":\"WebPage\",\"@id\":\"https:\/\/kaufhaus-tyrol.at\/de\/fashion\/weihnachten-festliche-looks-fuer-die-feiertage\/\",\"url\":\"https:\/\/kaufhaus-tyrol.at\/de\/fashion\/weihnachten-festliche-looks-fuer-die-feiertage\/\",\"name\":\"Weihnachten: Festliche Looks f\u00fcr die Feiertage - Kaufhaus Tyrol\",\"isPartOf\":{\"@id\":\"https:\/\/kaufhaus-tyrol.at\/de\/#website\"},\"primaryImageOfPage\":{\"@id\":\"https:\/\/kaufhaus-tyrol.at\/de\/fashion\/weihnachten-festliche-looks-fuer-die-feiertage\/#primaryimage\"},\"image\":{\"@id\":\"https:\/\/kaufhaus-tyrol.at\/de\/fashion\/weihnachten-festliche-looks-fuer-die-feiertage\/#primaryimage\"},\"thumbnailUrl\":\"https:\/\/kaufhaus-tyrol.at\/wp-content\/uploads\/2019\/12\/kaufhaus-tyrol-weihnachtsoutfit-festive-season-titelbild1.jpg\",\"datePublished\":\"2019-12-06T14:00:03+00:00\",\"dateModified\":\"2019-12-18T06:35:03+00:00\",\"author\":{\"@id\":\"https:\/\/kaufhaus-tyrol.at\/de\/#\/schema\/person\/32367013f669f5f4e54b19a1b10d8a7d\"},\"breadcrumb\":{\"@id\":\"https:\/\/kaufhaus-tyrol.at\/de\/fashion\/weihnachten-festliche-looks-fuer-die-feiertage\/#breadcrumb\"},\"inLanguage\":\"de\",\"potentialAction\":[{\"@type\":\"ReadAction\",\"target\":[\"https:\/\/kaufhaus-tyrol.at\/de\/fashion\/weihnachten-festliche-looks-fuer-die-feiertage\/\"]}]},{\"@type\":\"ImageObject\",\"inLanguage\":\"de\",\"@id\":\"https:\/\/kaufhaus-tyrol.at\/de\/fashion\/weihnachten-festliche-looks-fuer-die-feiertage\/#primaryimage\",\"url\":\"https:\/\/kaufhaus-tyrol.at\/wp-content\/uploads\/2019\/12\/kaufhaus-tyrol-weihnachtsoutfit-festive-season-titelbild1.jpg\",\"contentUrl\":\"https:\/\/kaufhaus-tyrol.at\/wp-content\/uploads\/2019\/12\/kaufhaus-tyrol-weihnachtsoutfit-festive-season-titelbild1.jpg\",\"width\":4724,\"height\":1604},{\"@type\":\"BreadcrumbList\",\"@id\":\"https:\/\/kaufhaus-tyrol.at\/de\/fashion\/weihnachten-festliche-looks-fuer-die-feiertage\/#breadcrumb\",\"itemListElement\":[{\"@type\":\"ListItem\",\"position\":1,\"name\":\"Home\",\"item\":\"https:\/\/kaufhaus-tyrol.at\/de\/\"},{\"@type\":\"ListItem\",\"position\":2,\"name\":\"Weihnachten: Festliche Looks f\u00fcr die Feiertage\"}]},{\"@type\":\"WebSite\",\"@id\":\"https:\/\/kaufhaus-tyrol.at\/de\/#website\",\"url\":\"https:\/\/kaufhaus-tyrol.at\/de\/\",\"name\":\"Kaufhaus Tyrol\",\"description\":\"Shopping im Herzen von Innsbruck\",\"potentialAction\":[{\"@type\":\"SearchAction\",\"target\":{\"@type\":\"EntryPoint\",\"urlTemplate\":\"https:\/\/kaufhaus-tyrol.at\/de\/?s={search_term_string}\"},\"query-input\":{\"@type\":\"PropertyValueSpecification\",\"valueRequired\":true,\"valueName\":\"search_term_string\"}}],\"inLanguage\":\"de\"},{\"@type\":\"Person\",\"@id\":\"https:\/\/kaufhaus-tyrol.at\/de\/#\/schema\/person\/32367013f669f5f4e54b19a1b10d8a7d\",\"name\":\"Melanie Rath\",\"image\":{\"@type\":\"ImageObject\",\"inLanguage\":\"de\",\"@id\":\"https:\/\/kaufhaus-tyrol.at\/de\/#\/schema\/person\/image\/\",\"url\":\"https:\/\/secure.gravatar.com\/avatar\/8616faa6fd071f8e5e1aae5767b50aa0?s=96&d=mm&r=g\",\"contentUrl\":\"https:\/\/secure.gravatar.com\/avatar\/8616faa6fd071f8e5e1aae5767b50aa0?s=96&d=mm&r=g\",\"caption\":\"Melanie Rath\"}}]}<\/script>\n<!-- \/ Yoast SEO plugin. -->","yoast_head_json":{"title":"Weihnachten: Festliche Looks f\u00fcr die Feiertage - Kaufhaus Tyrol","robots":{"index":"index","follow":"follow","max-snippet":"max-snippet:-1","max-image-preview":"max-image-preview:large","max-video-preview":"max-video-preview:-1"},"canonical":"https:\/\/kaufhaus-tyrol.at\/de\/fashion\/weihnachten-festliche-looks-fuer-die-feiertage\/","og_locale":"de_DE","og_type":"article","og_title":"Weihnachten: Festliche Looks f\u00fcr die Feiertage - Kaufhaus Tyrol","og_description":"Mit der Weihnachtszeit zieht gleichzeitig auch wieder die Zeit der festlichen Anl\u00e4sse ins Land: von Weihnachtsfeiern, \u00fcber festliche Abendessen mit Freunden oder den legeren Bruch mit der Familie. Je nach Event werden die verschiedensten Looks\u00a0 ben\u00f6tigt, schon klar, dass die Ideen f\u00fcr besondere Looks auch schnell mal ausgehen k\u00f6nnen. Wer sich auf die anstehende Party-Saison","og_url":"https:\/\/kaufhaus-tyrol.at\/de\/fashion\/weihnachten-festliche-looks-fuer-die-feiertage\/","og_site_name":"Kaufhaus Tyrol","article_publisher":"https:\/\/www.facebook.com\/kaufhaustyrol\/","article_published_time":"2019-12-06T14:00:03+00:00","article_modified_time":"2019-12-18T06:35:03+00:00","og_image":[{"width":4724,"height":1604,"url":"https:\/\/kaufhaus-tyrol.at\/wp-content\/uploads\/2019\/12\/kaufhaus-tyrol-weihnachtsoutfit-festive-season-titelbild1.jpg","type":"image\/jpeg"}],"author":"Melanie Rath","twitter_card":"summary_large_image","twitter_misc":{"Verfasst von":"Melanie Rath","Gesch\u00e4tzte Lesezeit":"1\u00a0Minute"},"schema":{"@context":"https:\/\/schema.org","@graph":[{"@type":"WebPage","@id":"https:\/\/kaufhaus-tyrol.at\/de\/fashion\/weihnachten-festliche-looks-fuer-die-feiertage\/","url":"https:\/\/kaufhaus-tyrol.at\/de\/fashion\/weihnachten-festliche-looks-fuer-die-feiertage\/","name":"Weihnachten: Festliche Looks f\u00fcr die Feiertage - Kaufhaus Tyrol","isPartOf":{"@id":"https:\/\/kaufhaus-tyrol.at\/de\/#website"},"primaryImageOfPage":{"@id":"https:\/\/kaufhaus-tyrol.at\/de\/fashion\/weihnachten-festliche-looks-fuer-die-feiertage\/#primaryimage"},"image":{"@id":"https:\/\/kaufhaus-tyrol.at\/de\/fashion\/weihnachten-festliche-looks-fuer-die-feiertage\/#primaryimage"},"thumbnailUrl":"https:\/\/kaufhaus-tyrol.at\/wp-content\/uploads\/2019\/12\/kaufhaus-tyrol-weihnachtsoutfit-festive-season-titelbild1.jpg","datePublished":"2019-12-06T14:00:03+00:00","dateModified":"2019-12-18T06:35:03+00:00","author":{"@id":"https:\/\/kaufhaus-tyrol.at\/de\/#\/schema\/person\/32367013f669f5f4e54b19a1b10d8a7d"},"breadcrumb":{"@id":"https:\/\/kaufhaus-tyrol.at\/de\/fashion\/weihnachten-festliche-looks-fuer-die-feiertage\/#breadcrumb"},"inLanguage":"de","potentialAction":[{"@type":"ReadAction","target":["https:\/\/kaufhaus-tyrol.at\/de\/fashion\/weihnachten-festliche-looks-fuer-die-feiertage\/"]}]},{"@type":"ImageObject","inLanguage":"de","@id":"https:\/\/kaufhaus-tyrol.at\/de\/fashion\/weihnachten-festliche-looks-fuer-die-feiertage\/#primaryimage","url":"https:\/\/kaufhaus-tyrol.at\/wp-content\/uploads\/2019\/12\/kaufhaus-tyrol-weihnachtsoutfit-festive-season-titelbild1.jpg","contentUrl":"https:\/\/kaufhaus-tyrol.at\/wp-content\/uploads\/2019\/12\/kaufhaus-tyrol-weihnachtsoutfit-festive-season-titelbild1.jpg","width":4724,"height":1604},{"@type":"BreadcrumbList","@id":"https:\/\/kaufhaus-tyrol.at\/de\/fashion\/weihnachten-festliche-looks-fuer-die-feiertage\/#breadcrumb","itemListElement":[{"@type":"ListItem","position":1,"name":"Home","item":"https:\/\/kaufhaus-tyrol.at\/de\/"},{"@type":"ListItem","position":2,"name":"Weihnachten: Festliche Looks f\u00fcr die Feiertage"}]},{"@type":"WebSite","@id":"https:\/\/kaufhaus-tyrol.at\/de\/#website","url":"https:\/\/kaufhaus-tyrol.at\/de\/","name":"Kaufhaus Tyrol","description":"Shopping im Herzen von Innsbruck","potentialAction":[{"@type":"SearchAction","target":{"@type":"EntryPoint","urlTemplate":"https:\/\/kaufhaus-tyrol.at\/de\/?s={search_term_string}"},"query-input":{"@type":"PropertyValueSpecification","valueRequired":true,"valueName":"search_term_string"}}],"inLanguage":"de"},{"@type":"Person","@id":"https:\/\/kaufhaus-tyrol.at\/de\/#\/schema\/person\/32367013f669f5f4e54b19a1b10d8a7d","name":"Melanie Rath","image":{"@type":"ImageObject","inLanguage":"de","@id":"https:\/\/kaufhaus-tyrol.at\/de\/#\/schema\/person\/image\/","url":"https:\/\/secure.gravatar.com\/avatar\/8616faa6fd071f8e5e1aae5767b50aa0?s=96&d=mm&r=g","contentUrl":"https:\/\/secure.gravatar.com\/avatar\/8616faa6fd071f8e5e1aae5767b50aa0?s=96&d=mm&r=g","caption":"Melanie Rath"}}]}},"_links":{"self":[{"href":"https:\/\/kaufhaus-tyrol.at\/de\/wp-json\/wp\/v2\/posts\/7537"}],"collection":[{"href":"https:\/\/kaufhaus-tyrol.at\/de\/wp-json\/wp\/v2\/posts"}],"about":[{"href":"https:\/\/kaufhaus-tyrol.at\/de\/wp-json\/wp\/v2\/types\/post"}],"author":[{"embeddable":true,"href":"https:\/\/kaufhaus-tyrol.at\/de\/wp-json\/wp\/v2\/users\/5023"}],"replies":[{"embeddable":true,"href":"https:\/\/kaufhaus-tyrol.at\/de\/wp-json\/wp\/v2\/comments?post=7537"}],"version-history":[{"count":8,"href":"https:\/\/kaufhaus-tyrol.at\/de\/wp-json\/wp\/v2\/posts\/7537\/revisions"}],"predecessor-version":[{"id":7611,"href":"https:\/\/kaufhaus-tyrol.at\/de\/wp-json\/wp\/v2\/posts\/7537\/revisions\/7611"}],"wp:featuredmedia":[{"embeddable":true,"href":"https:\/\/kaufhaus-tyrol.at\/de\/wp-json\/wp\/v2\/media\/7577"}],"wp:attachment":[{"href":"https:\/\/kaufhaus-tyrol.at\/de\/wp-json\/wp\/v2\/media?parent=7537"}],"wp:term":[{"taxonomy":"category","embeddable":true,"href":"https:\/\/kaufhaus-tyrol.at\/de\/wp-json\/wp\/v2\/categories?post=7537"},{"taxonomy":"post_tag","embeddable":true,"href":"https:\/\/kaufhaus-tyrol.at\/de\/wp-json\/wp\/v2\/tags?post=7537"}],"curies":[{"name":"wp","href":"https:\/\/api.w.org\/{rel}","templated":true}]}}