{"id":8535,"date":"2020-03-01T22:08:29","date_gmt":"2020-03-01T21:08:29","guid":{"rendered":"https:\/\/www.kaufhaus-tyrol.at\/?p=8535"},"modified":"2020-03-01T22:08:29","modified_gmt":"2020-03-01T21:08:29","slug":"fashion-fruehlingstrends-von-vero-moda","status":"publish","type":"post","link":"https:\/\/kaufhaus-tyrol.at\/de\/fashion\/fashion-fruehlingstrends-von-vero-moda\/","title":{"rendered":"Fashion: Fr\u00fchlingstrends von Vero Moda"},"content":{"rendered":"<p>Langsam aber sicher bekommt man wieder Lust die Wintermode weiter hinten in den Schrank zu r\u00e4umen und gegen Modetrends f\u00fcr den Fr\u00fchling auszutauschen. Vergangenen Donnerstag er\u00f6ffnete <a href=\"https:\/\/kaufhaus-tyrol.at\/de\/shops\/jack-jones\/\">Vero Moda und Jack &amp; Jones<\/a> nach einer kurzen Umbau-Pause wieder und wir haben <a href=\"http:\/\/www.liebreizend.com\">Bloggerin Sarah<\/a> los geschickt, die neuesten Fr\u00fchlingstrends f\u00fcr euch zu entdecken.<\/p>\n<h2>Fr\u00fchlingstrends von Vero Moda<\/h2>\n<p>Endlich steht der Fr\u00fchling wieder vor der T\u00fcr und es darf auch wieder zu farbenfrohen Teilen gegriffen werden. Ich hab am Donnerstag gleich den Weg in den wieder er\u00f6ffneten Vero Moda gefunden und mich dort mal nach den aktuellen Trends f\u00fcr den Fr\u00fchling umgesehen.<br \/>\nDer renovierte Vero Moda Store im 1. Obergeschoss wurde im skandinavischen Design neu gestaltet. Durch die vielen unterschiedlichen Lichtquellen im Shop wirkt dieser besonders freundlich und l\u00e4dt direkt zum Shoppen ein. Aber auch die aktuelle Fr\u00fchjahrs-Kollektion von Vero Moda hat es mir auf den ersten Blick angetan: von h\u00fcbschen Kleidern in Pastellfarben bis zu l\u00e4ssigen Jeansmodellen und angesagten Basics macht die Kollektion schon richtig Lust auf den Fr\u00fchling.<\/p>\n<h3>Mom-Jeans und Lederjacke<\/h3>\n<p>Klassiker, wie eine schwarze Lederjacke kommen eigentlich nie aus der Mode und sind vor allem jetzt in der \u00dcbergangszeit die perfekten Begleiter f\u00fcr den Zwiebel-Look. Die Lederjacke von Vero Moda besticht vor allem durch die auff\u00e4lligen Schnallen und dem kurzen Schnitt. F\u00fcr mich ein absolutes Trend-Piece in diesem Jahr sind Mom-Jeans. Charakteristisch f\u00fcr Mom-Jeans sind ihr High-Waist-Schnitt und ihr &#8218;Karottenschnitt&#8216;. An den Schenkeln sind die Hosen meist noch weiter geschnitten und laufen enger zu den Kn\u00f6cheln zusammen.<\/p>\n<p>Den Trend kann im Grunde jede Frau tragen, es sollten nur ein paar Kleinigkeiten beachtet werden, um der Figur zu schmeicheln. In Kombination mit einer Mom-Jeans sollte das Oberteil zumindest vorne immer in die Hose gesteckt werden. Au\u00dferdem sollte eine Mom-Jeans niemals zu eng gekauft werden, sie sollte locker sitzen.<\/p>\n<p>Kombiniert mit einer farbenfrohen Bluse und l\u00e4ssigen Boots entsteht sofort ein angesagter Look f\u00fcr den Fr\u00fchling. Wie gef\u00e4llt euch das Outfit von Vero Moda und seid ihr Fans der Mom-Jeans?<br \/>\nAlles Liebe,<br \/>\neure Sarah<\/p>\n<p>www.liebreizend.com<\/p>\n<p><img loading=\"lazy\" decoding=\"async\" class=\"alignnone size-full wp-image-8546\" src=\"https:\/\/kaufhaus-tyrol.at\/wp-content\/uploads\/2020\/03\/kht-vero-moda-outfit-fruehling-2.jpg\" alt=\"Fr\u00fchlings Trends von Vero Moda\" width=\"850\" height=\"1275\" srcset=\"https:\/\/kaufhaus-tyrol.at\/wp-content\/uploads\/2020\/03\/kht-vero-moda-outfit-fruehling-2.jpg 850w, https:\/\/kaufhaus-tyrol.at\/wp-content\/uploads\/2020\/03\/kht-vero-moda-outfit-fruehling-2-200x300.jpg 200w, https:\/\/kaufhaus-tyrol.at\/wp-content\/uploads\/2020\/03\/kht-vero-moda-outfit-fruehling-2-768x1152.jpg 768w, https:\/\/kaufhaus-tyrol.at\/wp-content\/uploads\/2020\/03\/kht-vero-moda-outfit-fruehling-2-683x1024.jpg 683w\" sizes=\"(max-width: 850px) 100vw, 850px\" \/><\/p>\n<p><img loading=\"lazy\" decoding=\"async\" class=\"alignnone size-full wp-image-8543\" src=\"https:\/\/kaufhaus-tyrol.at\/wp-content\/uploads\/2020\/03\/kht-vero-moda-outfit-fruehling-1.jpg\" alt=\"Fr\u00fchlings Trends von Vero Moda\" width=\"850\" height=\"1275\" srcset=\"https:\/\/kaufhaus-tyrol.at\/wp-content\/uploads\/2020\/03\/kht-vero-moda-outfit-fruehling-1.jpg 850w, https:\/\/kaufhaus-tyrol.at\/wp-content\/uploads\/2020\/03\/kht-vero-moda-outfit-fruehling-1-200x300.jpg 200w, https:\/\/kaufhaus-tyrol.at\/wp-content\/uploads\/2020\/03\/kht-vero-moda-outfit-fruehling-1-768x1152.jpg 768w, https:\/\/kaufhaus-tyrol.at\/wp-content\/uploads\/2020\/03\/kht-vero-moda-outfit-fruehling-1-683x1024.jpg 683w\" sizes=\"(max-width: 850px) 100vw, 850px\" \/><\/p>\n<p><img loading=\"lazy\" decoding=\"async\" class=\"alignnone size-full wp-image-8549\" src=\"https:\/\/kaufhaus-tyrol.at\/wp-content\/uploads\/2020\/03\/kht-vero-moda-outfit-fruehling-3.jpg\" alt=\"Fr\u00fchlings Trends von Vero Moda\" width=\"850\" height=\"567\" srcset=\"https:\/\/kaufhaus-tyrol.at\/wp-content\/uploads\/2020\/03\/kht-vero-moda-outfit-fruehling-3.jpg 850w, https:\/\/kaufhaus-tyrol.at\/wp-content\/uploads\/2020\/03\/kht-vero-moda-outfit-fruehling-3-300x200.jpg 300w, https:\/\/kaufhaus-tyrol.at\/wp-content\/uploads\/2020\/03\/kht-vero-moda-outfit-fruehling-3-768x512.jpg 768w\" sizes=\"(max-width: 850px) 100vw, 850px\" \/><\/p>\n<p><img loading=\"lazy\" decoding=\"async\" class=\"alignnone size-full wp-image-8555\" src=\"https:\/\/kaufhaus-tyrol.at\/wp-content\/uploads\/2020\/03\/kht-vero-moda-outfit-fruehling-5.jpg\" alt=\"Fr\u00fchlings Trends von Vero Moda\" width=\"850\" height=\"1275\" srcset=\"https:\/\/kaufhaus-tyrol.at\/wp-content\/uploads\/2020\/03\/kht-vero-moda-outfit-fruehling-5.jpg 850w, https:\/\/kaufhaus-tyrol.at\/wp-content\/uploads\/2020\/03\/kht-vero-moda-outfit-fruehling-5-200x300.jpg 200w, https:\/\/kaufhaus-tyrol.at\/wp-content\/uploads\/2020\/03\/kht-vero-moda-outfit-fruehling-5-768x1152.jpg 768w, https:\/\/kaufhaus-tyrol.at\/wp-content\/uploads\/2020\/03\/kht-vero-moda-outfit-fruehling-5-683x1024.jpg 683w\" sizes=\"(max-width: 850px) 100vw, 850px\" \/><\/p>\n<p><img loading=\"lazy\" decoding=\"async\" class=\"alignnone size-full wp-image-8546\" src=\"https:\/\/kaufhaus-tyrol.at\/wp-content\/uploads\/2020\/03\/kht-vero-moda-outfit-fruehling-2.jpg\" alt=\"Fr\u00fchlings Trends von Vero Moda\" width=\"850\" height=\"1275\" srcset=\"https:\/\/kaufhaus-tyrol.at\/wp-content\/uploads\/2020\/03\/kht-vero-moda-outfit-fruehling-2.jpg 850w, https:\/\/kaufhaus-tyrol.at\/wp-content\/uploads\/2020\/03\/kht-vero-moda-outfit-fruehling-2-200x300.jpg 200w, https:\/\/kaufhaus-tyrol.at\/wp-content\/uploads\/2020\/03\/kht-vero-moda-outfit-fruehling-2-768x1152.jpg 768w, https:\/\/kaufhaus-tyrol.at\/wp-content\/uploads\/2020\/03\/kht-vero-moda-outfit-fruehling-2-683x1024.jpg 683w\" sizes=\"(max-width: 850px) 100vw, 850px\" \/><\/p>\n<p><img loading=\"lazy\" decoding=\"async\" class=\"alignnone size-full wp-image-8561\" src=\"https:\/\/kaufhaus-tyrol.at\/wp-content\/uploads\/2020\/03\/kht-vero-moda-outfit-fruehling-7.jpg\" alt=\"Fr\u00fchlings Trends von Vero Moda\" width=\"850\" height=\"1275\" srcset=\"https:\/\/kaufhaus-tyrol.at\/wp-content\/uploads\/2020\/03\/kht-vero-moda-outfit-fruehling-7.jpg 850w, https:\/\/kaufhaus-tyrol.at\/wp-content\/uploads\/2020\/03\/kht-vero-moda-outfit-fruehling-7-200x300.jpg 200w, https:\/\/kaufhaus-tyrol.at\/wp-content\/uploads\/2020\/03\/kht-vero-moda-outfit-fruehling-7-768x1152.jpg 768w, https:\/\/kaufhaus-tyrol.at\/wp-content\/uploads\/2020\/03\/kht-vero-moda-outfit-fruehling-7-683x1024.jpg 683w\" sizes=\"(max-width: 850px) 100vw, 850px\" \/><\/p>\n<p><img loading=\"lazy\" decoding=\"async\" class=\"alignnone size-full wp-image-8552\" src=\"https:\/\/kaufhaus-tyrol.at\/wp-content\/uploads\/2020\/03\/kht-vero-moda-outfit-fruehling-4.jpg\" alt=\"Fr\u00fchlings Trends von Vero Moda\" width=\"850\" height=\"1275\" srcset=\"https:\/\/kaufhaus-tyrol.at\/wp-content\/uploads\/2020\/03\/kht-vero-moda-outfit-fruehling-4.jpg 850w, https:\/\/kaufhaus-tyrol.at\/wp-content\/uploads\/2020\/03\/kht-vero-moda-outfit-fruehling-4-200x300.jpg 200w, https:\/\/kaufhaus-tyrol.at\/wp-content\/uploads\/2020\/03\/kht-vero-moda-outfit-fruehling-4-768x1152.jpg 768w, https:\/\/kaufhaus-tyrol.at\/wp-content\/uploads\/2020\/03\/kht-vero-moda-outfit-fruehling-4-683x1024.jpg 683w\" sizes=\"(max-width: 850px) 100vw, 850px\" \/><\/p>\n<p><img loading=\"lazy\" decoding=\"async\" class=\"alignnone size-full wp-image-8564\" src=\"https:\/\/kaufhaus-tyrol.at\/wp-content\/uploads\/2020\/03\/kht-vero-moda-outfit-fruehling-8.jpg\" alt=\"Fr\u00fchlings Trends von Vero Moda\" width=\"850\" height=\"1275\" srcset=\"https:\/\/kaufhaus-tyrol.at\/wp-content\/uploads\/2020\/03\/kht-vero-moda-outfit-fruehling-8.jpg 850w, https:\/\/kaufhaus-tyrol.at\/wp-content\/uploads\/2020\/03\/kht-vero-moda-outfit-fruehling-8-200x300.jpg 200w, https:\/\/kaufhaus-tyrol.at\/wp-content\/uploads\/2020\/03\/kht-vero-moda-outfit-fruehling-8-768x1152.jpg 768w, https:\/\/kaufhaus-tyrol.at\/wp-content\/uploads\/2020\/03\/kht-vero-moda-outfit-fruehling-8-683x1024.jpg 683w\" sizes=\"(max-width: 850px) 100vw, 850px\" \/><\/p>\n","protected":false},"excerpt":{"rendered":"<p>Langsam aber sicher bekommt man wieder Lust die Wintermode weiter hinten in den Schrank zu r\u00e4umen und gegen Modetrends f\u00fcr den Fr\u00fchling auszutauschen. Vergangenen Donnerstag er\u00f6ffnete Vero Moda und Jack &amp; Jones nach einer kurzen Umbau-Pause wieder und wir haben Bloggerin Sarah los geschickt, die neuesten Fr\u00fchlingstrends f\u00fcr euch zu entdecken. Fr\u00fchlingstrends von Vero Moda<\/p>\n","protected":false},"author":5005,"featured_media":8540,"comment_status":"closed","ping_status":"closed","sticky":false,"template":"","format":"standard","meta":{"_acf_changed":false,"inline_featured_image":false,"footnotes":""},"categories":[4],"tags":[],"acf":[],"yoast_head":"<!-- This site is optimized with the Yoast SEO plugin v23.5 - https:\/\/yoast.com\/wordpress\/plugins\/seo\/ -->\n<title>Fashion: Fr\u00fchlingstrends von Vero Moda - Kaufhaus Tyrol<\/title>\n<meta name=\"robots\" content=\"index, follow, max-snippet:-1, max-image-preview:large, max-video-preview:-1\" \/>\n<link rel=\"canonical\" href=\"https:\/\/kaufhaus-tyrol.at\/de\/fashion\/fashion-fruehlingstrends-von-vero-moda\/\" \/>\n<meta property=\"og:locale\" content=\"de_DE\" \/>\n<meta property=\"og:type\" content=\"article\" \/>\n<meta property=\"og:title\" content=\"Fashion: Fr\u00fchlingstrends von Vero Moda - Kaufhaus Tyrol\" \/>\n<meta property=\"og:description\" content=\"Langsam aber sicher bekommt man wieder Lust die Wintermode weiter hinten in den Schrank zu r\u00e4umen und gegen Modetrends f\u00fcr den Fr\u00fchling auszutauschen. Vergangenen Donnerstag er\u00f6ffnete Vero Moda und Jack &amp; Jones nach einer kurzen Umbau-Pause wieder und wir haben Bloggerin Sarah los geschickt, die neuesten Fr\u00fchlingstrends f\u00fcr euch zu entdecken. Fr\u00fchlingstrends von Vero Moda\" \/>\n<meta property=\"og:url\" content=\"https:\/\/kaufhaus-tyrol.at\/de\/fashion\/fashion-fruehlingstrends-von-vero-moda\/\" \/>\n<meta property=\"og:site_name\" content=\"Kaufhaus Tyrol\" \/>\n<meta property=\"article:publisher\" content=\"https:\/\/www.facebook.com\/kaufhaustyrol\/\" \/>\n<meta property=\"article:published_time\" content=\"2020-03-01T21:08:29+00:00\" \/>\n<meta property=\"og:image\" content=\"https:\/\/kaufhaus-tyrol.at\/wp-content\/uploads\/2020\/03\/kht-vero-moda-outfit-fruehling-header-1.jpg\" \/>\n\t<meta property=\"og:image:width\" content=\"6720\" \/>\n\t<meta property=\"og:image:height\" content=\"2275\" \/>\n\t<meta property=\"og:image:type\" content=\"image\/jpeg\" \/>\n<meta name=\"author\" content=\"Sarah Eppacher\" \/>\n<meta name=\"twitter:card\" content=\"summary_large_image\" \/>\n<meta name=\"twitter:label1\" content=\"Verfasst von\" \/>\n\t<meta name=\"twitter:data1\" content=\"Sarah Eppacher\" \/>\n\t<meta name=\"twitter:label2\" content=\"Gesch\u00e4tzte Lesezeit\" \/>\n\t<meta name=\"twitter:data2\" content=\"2\u00a0Minuten\" \/>\n<script type=\"application\/ld+json\" class=\"yoast-schema-graph\">{\"@context\":\"https:\/\/schema.org\",\"@graph\":[{\"@type\":\"WebPage\",\"@id\":\"https:\/\/kaufhaus-tyrol.at\/de\/fashion\/fashion-fruehlingstrends-von-vero-moda\/\",\"url\":\"https:\/\/kaufhaus-tyrol.at\/de\/fashion\/fashion-fruehlingstrends-von-vero-moda\/\",\"name\":\"Fashion: Fr\u00fchlingstrends von Vero Moda - Kaufhaus Tyrol\",\"isPartOf\":{\"@id\":\"https:\/\/kaufhaus-tyrol.at\/de\/#website\"},\"primaryImageOfPage\":{\"@id\":\"https:\/\/kaufhaus-tyrol.at\/de\/fashion\/fashion-fruehlingstrends-von-vero-moda\/#primaryimage\"},\"image\":{\"@id\":\"https:\/\/kaufhaus-tyrol.at\/de\/fashion\/fashion-fruehlingstrends-von-vero-moda\/#primaryimage\"},\"thumbnailUrl\":\"https:\/\/kaufhaus-tyrol.at\/wp-content\/uploads\/2020\/03\/kht-vero-moda-outfit-fruehling-header-1.jpg\",\"datePublished\":\"2020-03-01T21:08:29+00:00\",\"dateModified\":\"2020-03-01T21:08:29+00:00\",\"author\":{\"@id\":\"https:\/\/kaufhaus-tyrol.at\/de\/#\/schema\/person\/3df36e2b2e4ab71d71f8e37757be044b\"},\"breadcrumb\":{\"@id\":\"https:\/\/kaufhaus-tyrol.at\/de\/fashion\/fashion-fruehlingstrends-von-vero-moda\/#breadcrumb\"},\"inLanguage\":\"de\",\"potentialAction\":[{\"@type\":\"ReadAction\",\"target\":[\"https:\/\/kaufhaus-tyrol.at\/de\/fashion\/fashion-fruehlingstrends-von-vero-moda\/\"]}]},{\"@type\":\"ImageObject\",\"inLanguage\":\"de\",\"@id\":\"https:\/\/kaufhaus-tyrol.at\/de\/fashion\/fashion-fruehlingstrends-von-vero-moda\/#primaryimage\",\"url\":\"https:\/\/kaufhaus-tyrol.at\/wp-content\/uploads\/2020\/03\/kht-vero-moda-outfit-fruehling-header-1.jpg\",\"contentUrl\":\"https:\/\/kaufhaus-tyrol.at\/wp-content\/uploads\/2020\/03\/kht-vero-moda-outfit-fruehling-header-1.jpg\",\"width\":6720,\"height\":2275,\"caption\":\"Fr\u00fchlings Trends von Vero Moda\"},{\"@type\":\"BreadcrumbList\",\"@id\":\"https:\/\/kaufhaus-tyrol.at\/de\/fashion\/fashion-fruehlingstrends-von-vero-moda\/#breadcrumb\",\"itemListElement\":[{\"@type\":\"ListItem\",\"position\":1,\"name\":\"Home\",\"item\":\"https:\/\/kaufhaus-tyrol.at\/de\/\"},{\"@type\":\"ListItem\",\"position\":2,\"name\":\"Fashion: Fr\u00fchlingstrends von Vero Moda\"}]},{\"@type\":\"WebSite\",\"@id\":\"https:\/\/kaufhaus-tyrol.at\/de\/#website\",\"url\":\"https:\/\/kaufhaus-tyrol.at\/de\/\",\"name\":\"Kaufhaus Tyrol\",\"description\":\"Shopping im Herzen von Innsbruck\",\"potentialAction\":[{\"@type\":\"SearchAction\",\"target\":{\"@type\":\"EntryPoint\",\"urlTemplate\":\"https:\/\/kaufhaus-tyrol.at\/de\/?s={search_term_string}\"},\"query-input\":{\"@type\":\"PropertyValueSpecification\",\"valueRequired\":true,\"valueName\":\"search_term_string\"}}],\"inLanguage\":\"de\"},{\"@type\":\"Person\",\"@id\":\"https:\/\/kaufhaus-tyrol.at\/de\/#\/schema\/person\/3df36e2b2e4ab71d71f8e37757be044b\",\"name\":\"Sarah Eppacher\",\"image\":{\"@type\":\"ImageObject\",\"inLanguage\":\"de\",\"@id\":\"https:\/\/kaufhaus-tyrol.at\/de\/#\/schema\/person\/image\/\",\"url\":\"https:\/\/secure.gravatar.com\/avatar\/622a525d8d9606e47f27191be788dfb8?s=96&d=mm&r=g\",\"contentUrl\":\"https:\/\/secure.gravatar.com\/avatar\/622a525d8d9606e47f27191be788dfb8?s=96&d=mm&r=g\",\"caption\":\"Sarah Eppacher\"}}]}<\/script>\n<!-- \/ Yoast SEO plugin. -->","yoast_head_json":{"title":"Fashion: Fr\u00fchlingstrends von Vero Moda - Kaufhaus Tyrol","robots":{"index":"index","follow":"follow","max-snippet":"max-snippet:-1","max-image-preview":"max-image-preview:large","max-video-preview":"max-video-preview:-1"},"canonical":"https:\/\/kaufhaus-tyrol.at\/de\/fashion\/fashion-fruehlingstrends-von-vero-moda\/","og_locale":"de_DE","og_type":"article","og_title":"Fashion: Fr\u00fchlingstrends von Vero Moda - Kaufhaus Tyrol","og_description":"Langsam aber sicher bekommt man wieder Lust die Wintermode weiter hinten in den Schrank zu r\u00e4umen und gegen Modetrends f\u00fcr den Fr\u00fchling auszutauschen. Vergangenen Donnerstag er\u00f6ffnete Vero Moda und Jack &amp; Jones nach einer kurzen Umbau-Pause wieder und wir haben Bloggerin Sarah los geschickt, die neuesten Fr\u00fchlingstrends f\u00fcr euch zu entdecken. Fr\u00fchlingstrends von Vero Moda","og_url":"https:\/\/kaufhaus-tyrol.at\/de\/fashion\/fashion-fruehlingstrends-von-vero-moda\/","og_site_name":"Kaufhaus Tyrol","article_publisher":"https:\/\/www.facebook.com\/kaufhaustyrol\/","article_published_time":"2020-03-01T21:08:29+00:00","og_image":[{"width":6720,"height":2275,"url":"https:\/\/kaufhaus-tyrol.at\/wp-content\/uploads\/2020\/03\/kht-vero-moda-outfit-fruehling-header-1.jpg","type":"image\/jpeg"}],"author":"Sarah Eppacher","twitter_card":"summary_large_image","twitter_misc":{"Verfasst von":"Sarah Eppacher","Gesch\u00e4tzte Lesezeit":"2\u00a0Minuten"},"schema":{"@context":"https:\/\/schema.org","@graph":[{"@type":"WebPage","@id":"https:\/\/kaufhaus-tyrol.at\/de\/fashion\/fashion-fruehlingstrends-von-vero-moda\/","url":"https:\/\/kaufhaus-tyrol.at\/de\/fashion\/fashion-fruehlingstrends-von-vero-moda\/","name":"Fashion: Fr\u00fchlingstrends von Vero Moda - Kaufhaus Tyrol","isPartOf":{"@id":"https:\/\/kaufhaus-tyrol.at\/de\/#website"},"primaryImageOfPage":{"@id":"https:\/\/kaufhaus-tyrol.at\/de\/fashion\/fashion-fruehlingstrends-von-vero-moda\/#primaryimage"},"image":{"@id":"https:\/\/kaufhaus-tyrol.at\/de\/fashion\/fashion-fruehlingstrends-von-vero-moda\/#primaryimage"},"thumbnailUrl":"https:\/\/kaufhaus-tyrol.at\/wp-content\/uploads\/2020\/03\/kht-vero-moda-outfit-fruehling-header-1.jpg","datePublished":"2020-03-01T21:08:29+00:00","dateModified":"2020-03-01T21:08:29+00:00","author":{"@id":"https:\/\/kaufhaus-tyrol.at\/de\/#\/schema\/person\/3df36e2b2e4ab71d71f8e37757be044b"},"breadcrumb":{"@id":"https:\/\/kaufhaus-tyrol.at\/de\/fashion\/fashion-fruehlingstrends-von-vero-moda\/#breadcrumb"},"inLanguage":"de","potentialAction":[{"@type":"ReadAction","target":["https:\/\/kaufhaus-tyrol.at\/de\/fashion\/fashion-fruehlingstrends-von-vero-moda\/"]}]},{"@type":"ImageObject","inLanguage":"de","@id":"https:\/\/kaufhaus-tyrol.at\/de\/fashion\/fashion-fruehlingstrends-von-vero-moda\/#primaryimage","url":"https:\/\/kaufhaus-tyrol.at\/wp-content\/uploads\/2020\/03\/kht-vero-moda-outfit-fruehling-header-1.jpg","contentUrl":"https:\/\/kaufhaus-tyrol.at\/wp-content\/uploads\/2020\/03\/kht-vero-moda-outfit-fruehling-header-1.jpg","width":6720,"height":2275,"caption":"Fr\u00fchlings Trends von Vero Moda"},{"@type":"BreadcrumbList","@id":"https:\/\/kaufhaus-tyrol.at\/de\/fashion\/fashion-fruehlingstrends-von-vero-moda\/#breadcrumb","itemListElement":[{"@type":"ListItem","position":1,"name":"Home","item":"https:\/\/kaufhaus-tyrol.at\/de\/"},{"@type":"ListItem","position":2,"name":"Fashion: Fr\u00fchlingstrends von Vero Moda"}]},{"@type":"WebSite","@id":"https:\/\/kaufhaus-tyrol.at\/de\/#website","url":"https:\/\/kaufhaus-tyrol.at\/de\/","name":"Kaufhaus Tyrol","description":"Shopping im Herzen von Innsbruck","potentialAction":[{"@type":"SearchAction","target":{"@type":"EntryPoint","urlTemplate":"https:\/\/kaufhaus-tyrol.at\/de\/?s={search_term_string}"},"query-input":{"@type":"PropertyValueSpecification","valueRequired":true,"valueName":"search_term_string"}}],"inLanguage":"de"},{"@type":"Person","@id":"https:\/\/kaufhaus-tyrol.at\/de\/#\/schema\/person\/3df36e2b2e4ab71d71f8e37757be044b","name":"Sarah Eppacher","image":{"@type":"ImageObject","inLanguage":"de","@id":"https:\/\/kaufhaus-tyrol.at\/de\/#\/schema\/person\/image\/","url":"https:\/\/secure.gravatar.com\/avatar\/622a525d8d9606e47f27191be788dfb8?s=96&d=mm&r=g","contentUrl":"https:\/\/secure.gravatar.com\/avatar\/622a525d8d9606e47f27191be788dfb8?s=96&d=mm&r=g","caption":"Sarah Eppacher"}}]}},"_links":{"self":[{"href":"https:\/\/kaufhaus-tyrol.at\/de\/wp-json\/wp\/v2\/posts\/8535"}],"collection":[{"href":"https:\/\/kaufhaus-tyrol.at\/de\/wp-json\/wp\/v2\/posts"}],"about":[{"href":"https:\/\/kaufhaus-tyrol.at\/de\/wp-json\/wp\/v2\/types\/post"}],"author":[{"embeddable":true,"href":"https:\/\/kaufhaus-tyrol.at\/de\/wp-json\/wp\/v2\/users\/5005"}],"replies":[{"embeddable":true,"href":"https:\/\/kaufhaus-tyrol.at\/de\/wp-json\/wp\/v2\/comments?post=8535"}],"version-history":[{"count":7,"href":"https:\/\/kaufhaus-tyrol.at\/de\/wp-json\/wp\/v2\/posts\/8535\/revisions"}],"predecessor-version":[{"id":8572,"href":"https:\/\/kaufhaus-tyrol.at\/de\/wp-json\/wp\/v2\/posts\/8535\/revisions\/8572"}],"wp:featuredmedia":[{"embeddable":true,"href":"https:\/\/kaufhaus-tyrol.at\/de\/wp-json\/wp\/v2\/media\/8540"}],"wp:attachment":[{"href":"https:\/\/kaufhaus-tyrol.at\/de\/wp-json\/wp\/v2\/media?parent=8535"}],"wp:term":[{"taxonomy":"category","embeddable":true,"href":"https:\/\/kaufhaus-tyrol.at\/de\/wp-json\/wp\/v2\/categories?post=8535"},{"taxonomy":"post_tag","embeddable":true,"href":"https:\/\/kaufhaus-tyrol.at\/de\/wp-json\/wp\/v2\/tags?post=8535"}],"curies":[{"name":"wp","href":"https:\/\/api.w.org\/{rel}","templated":true}]}}